{"id":1470,"date":"2025-10-24T09:44:02","date_gmt":"2025-10-24T15:44:02","guid":{"rendered":"https:\/\/girasolmultimedios.com\/portal\/?p=1470"},"modified":"2025-10-24T09:44:02","modified_gmt":"2025-10-24T15:44:02","slug":"motociclista-resulta-atropellado-por-una-radiopatrulla-policial","status":"publish","type":"post","link":"https:\/\/girasolmultimedios.com\/portal\/motociclista-resulta-atropellado-por-una-radiopatrulla-policial\/","title":{"rendered":"Motociclista resulta atropellado por una radiopatrulla policial."},"content":{"rendered":"\n<p><strong>CHOLUTECA.<\/strong> En horas de la madrugada de este jueves, un motociclista result\u00f3 herido luego de ser embestido por una radiopatrulla de la Polic\u00eda Nacional que no respet\u00f3 una se\u00f1al de alto en una intersecci\u00f3n de la ciudad de Choluteca.<\/p>\n\n\n\n<p>El accidente ocurri\u00f3 cerca de un centro educativo, cuando el veh\u00edculo policial, asignado a la jefatura departamental, no realiz\u00f3 la detenci\u00f3n correspondiente, impactando al motociclista, quien afortunadamente sobrevivi\u00f3 al percance.<\/p>\n\n\n\n<p>El jefe departamental de la Direcci\u00f3n Nacional de Vialidad y Transporte (DNVT), comisario Merin Sandoval, confirm\u00f3 que el conductor de la patrulla fue identificado como responsable del hecho y que el lesionado fue trasladado en la misma unidad al Hospital General del Sur (HGS).<\/p>\n\n\n\n<p>Sandoval detall\u00f3 que ambos conductores fueron sometidos a la prueba de alcoholemia, la cual result\u00f3 negativa, y que sus licencias de conducir est\u00e1n en regla. Ambos fueron citados ante las autoridades competentes para continuar con el proceso legal.<\/p>\n\n\n\n<p>El motociclista no sufri\u00f3 heridas graves y fue dado de alta tras recibir atenci\u00f3n m\u00e9dica. La Polic\u00eda Nacional asumi\u00f3 la responsabilidad por los da\u00f1os ocasionados a la motocicleta.<\/p>\n","protected":false},"excerpt":{"rendered":"<p>CHOLUTECA. En horas de la madrugada de este jueves, un motociclista result\u00f3 herido luego de ser embestido por una radiopatrulla de la Polic\u00eda Nacional que no respet\u00f3 una se\u00f1al de alto en una intersecci\u00f3n de la ciudad de Choluteca. El accidente ocurri\u00f3 cerca de un centro educativo, cuando el veh\u00edculo policial, asignado a la jefatura [&hellip;]<\/p>\n","protected":false},"author":2,"featured_media":1471,"comment_status":"closed","ping_status":"open","sticky":false,"template":"","format":"standard","meta":{"_seopress_robots_primary_cat":"","_seopress_titles_title":"","_seopress_titles_desc":"","_seopress_robots_index":"","footnotes":""},"categories":[1],"tags":[],"class_list":["post-1470","post","type-post","status-publish","format-standard","has-post-thumbnail","hentry","category-sin-categoria"],"_links":{"self":[{"href":"https:\/\/girasolmultimedios.com\/portal\/wp-json\/wp\/v2\/posts\/1470","targetHints":{"allow":["GET"]}}],"collection":[{"href":"https:\/\/girasolmultimedios.com\/portal\/wp-json\/wp\/v2\/posts"}],"about":[{"href":"https:\/\/girasolmultimedios.com\/portal\/wp-json\/wp\/v2\/types\/post"}],"author":[{"embeddable":true,"href":"https:\/\/girasolmultimedios.com\/portal\/wp-json\/wp\/v2\/users\/2"}],"replies":[{"embeddable":true,"href":"https:\/\/girasolmultimedios.com\/portal\/wp-json\/wp\/v2\/comments?post=1470"}],"version-history":[{"count":1,"href":"https:\/\/girasolmultimedios.com\/portal\/wp-json\/wp\/v2\/posts\/1470\/revisions"}],"predecessor-version":[{"id":1472,"href":"https:\/\/girasolmultimedios.com\/portal\/wp-json\/wp\/v2\/posts\/1470\/revisions\/1472"}],"wp:featuredmedia":[{"embeddable":true,"href":"https:\/\/girasolmultimedios.com\/portal\/wp-json\/wp\/v2\/media\/1471"}],"wp:attachment":[{"href":"https:\/\/girasolmultimedios.com\/portal\/wp-json\/wp\/v2\/media?parent=1470"}],"wp:term":[{"taxonomy":"category","embeddable":true,"href":"https:\/\/girasolmultimedios.com\/portal\/wp-json\/wp\/v2\/categories?post=1470"},{"taxonomy":"post_tag","embeddable":true,"href":"https:\/\/girasolmultimedios.com\/portal\/wp-json\/wp\/v2\/tags?post=1470"}],"curies":[{"name":"wp","href":"https:\/\/api.w.org\/{rel}","templated":true}]}}