{"id":1477,"date":"2025-10-24T09:54:15","date_gmt":"2025-10-24T15:54:15","guid":{"rendered":"https:\/\/girasolmultimedios.com\/portal\/?p=1477"},"modified":"2025-10-24T09:54:16","modified_gmt":"2025-10-24T15:54:16","slug":"policia-nacional-solicitara-una-extension-del-estado-de-excepcion","status":"publish","type":"post","link":"https:\/\/girasolmultimedios.com\/portal\/policia-nacional-solicitara-una-extension-del-estado-de-excepcion\/","title":{"rendered":"Polic\u00eda Nacional solicitar\u00e1 una extensi\u00f3n del estado de excepci\u00f3n"},"content":{"rendered":"\n<p>El jefe de la Polic\u00eda Nacional, Juan Manuel Aguilar Godoy indic\u00f3 que solicitar\u00e1n una extensi\u00f3n del estado de excepci\u00f3n, enfatizando que para las elecciones primarias del 9 de marzo hubo esta medida y a\u00fan as\u00ed se realizaron los comicios.<\/p>\n\n\n\n<p>\u201cS\u00ed, nosotros vamos a solicitar la extensi\u00f3n, quien tiene la \u00faltima palabra no es la Polic\u00eda Nacional, la polic\u00eda nacional es la instituci\u00f3n obediente, la ley establece cu\u00e1l es el procedimiento a seguir\u201d, zanj\u00f3 Juan Manuel Aguilar Godoy.<\/p>\n\n\n\n<p>En ese sentido enfatiz\u00f3, \u201cy si nos dicen que no, pues no, no va a existir estado de excepci\u00f3n, si nos dicen que s\u00ed, lo vamos a hacer, pero la polic\u00eda no va a dejar de funcionar porque nos quiten una simple, una simple herramienta mal llamada estado de excepci\u00f3n temporal\u201d.<\/p>\n","protected":false},"excerpt":{"rendered":"<p>El jefe de la Polic\u00eda Nacional, Juan Manuel Aguilar Godoy indic\u00f3 que solicitar\u00e1n una extensi\u00f3n del estado de excepci\u00f3n, enfatizando que para las elecciones primarias del 9 de marzo hubo esta medida y a\u00fan as\u00ed se realizaron los comicios. \u201cS\u00ed, nosotros vamos a solicitar la extensi\u00f3n, quien tiene la \u00faltima palabra no es la Polic\u00eda [&hellip;]<\/p>\n","protected":false},"author":2,"featured_media":1478,"comment_status":"closed","ping_status":"open","sticky":false,"template":"","format":"standard","meta":{"_seopress_robots_primary_cat":"","_seopress_titles_title":"","_seopress_titles_desc":"","_seopress_robots_index":"","footnotes":""},"categories":[1],"tags":[],"class_list":["post-1477","post","type-post","status-publish","format-standard","has-post-thumbnail","hentry","category-sin-categoria"],"_links":{"self":[{"href":"https:\/\/girasolmultimedios.com\/portal\/wp-json\/wp\/v2\/posts\/1477","targetHints":{"allow":["GET"]}}],"collection":[{"href":"https:\/\/girasolmultimedios.com\/portal\/wp-json\/wp\/v2\/posts"}],"about":[{"href":"https:\/\/girasolmultimedios.com\/portal\/wp-json\/wp\/v2\/types\/post"}],"author":[{"embeddable":true,"href":"https:\/\/girasolmultimedios.com\/portal\/wp-json\/wp\/v2\/users\/2"}],"replies":[{"embeddable":true,"href":"https:\/\/girasolmultimedios.com\/portal\/wp-json\/wp\/v2\/comments?post=1477"}],"version-history":[{"count":1,"href":"https:\/\/girasolmultimedios.com\/portal\/wp-json\/wp\/v2\/posts\/1477\/revisions"}],"predecessor-version":[{"id":1479,"href":"https:\/\/girasolmultimedios.com\/portal\/wp-json\/wp\/v2\/posts\/1477\/revisions\/1479"}],"wp:featuredmedia":[{"embeddable":true,"href":"https:\/\/girasolmultimedios.com\/portal\/wp-json\/wp\/v2\/media\/1478"}],"wp:attachment":[{"href":"https:\/\/girasolmultimedios.com\/portal\/wp-json\/wp\/v2\/media?parent=1477"}],"wp:term":[{"taxonomy":"category","embeddable":true,"href":"https:\/\/girasolmultimedios.com\/portal\/wp-json\/wp\/v2\/categories?post=1477"},{"taxonomy":"post_tag","embeddable":true,"href":"https:\/\/girasolmultimedios.com\/portal\/wp-json\/wp\/v2\/tags?post=1477"}],"curies":[{"name":"wp","href":"https:\/\/api.w.org\/{rel}","templated":true}]}}