{"id":1486,"date":"2025-10-24T10:05:42","date_gmt":"2025-10-24T16:05:42","guid":{"rendered":"https:\/\/girasolmultimedios.com\/portal\/?p=1486"},"modified":"2025-10-24T10:05:43","modified_gmt":"2025-10-24T16:05:43","slug":"honduras-es-el-pais-con-mas-hogares-en-pobreza-de-toda-centroamerica-alerta-experto","status":"publish","type":"post","link":"https:\/\/girasolmultimedios.com\/portal\/honduras-es-el-pais-con-mas-hogares-en-pobreza-de-toda-centroamerica-alerta-experto\/","title":{"rendered":"Honduras es el pa\u00eds con m\u00e1s hogares en pobreza de toda Centroam\u00e9rica, alerta experto"},"content":{"rendered":"\n<p>El oficial de Pol\u00edtica Econ\u00f3mica del Consejo Hondure\u00f1o de la Empresa Privada (Cohep),&nbsp;Alejandro&nbsp;Kaffati, mencion\u00f3 que Honduras es el pa\u00eds con el porcentaje de hogares en pobreza m\u00e1s alto de la regi\u00f3n, adem\u00e1s de enfatizar que se contin\u00faa dependiendo de las remesas familiares.<\/p>\n\n\n\n<p>\u201cEn el tema del empleo seguimos siendo un pa\u00eds que est\u00e1 generando m\u00e1s empleos en la informalidad que en la informalidad, y esto al final del d\u00eda solo genera un c\u00edrculo vicioso de pobreza y desigualdad, somos el pa\u00eds de Centroam\u00e9rica con el porcentaje de hogares en condiciones de pobreza m\u00e1s alto de la regi\u00f3n, y esto al final del d\u00eda no genera m\u00e1s que desesperanza, no genera m\u00e1s que migraci\u00f3n\u201d, zanj\u00f3 Alejandro&nbsp;Kaffati.<\/p>\n\n\n\n<p>El experto recalc\u00f3 que, somos un pa\u00eds que se contin\u00faa dependiendo de las remesas familiares que, de la inversi\u00f3n extranjera, \u201cy ning\u00fan pa\u00eds puede salir adelante sin la inversi\u00f3n privada, tanto extranjera como nacional\u201d.<\/p>\n","protected":false},"excerpt":{"rendered":"<p>El oficial de Pol\u00edtica Econ\u00f3mica del Consejo Hondure\u00f1o de la Empresa Privada (Cohep),&nbsp;Alejandro&nbsp;Kaffati, mencion\u00f3 que Honduras es el pa\u00eds con el porcentaje de hogares en pobreza m\u00e1s alto de la regi\u00f3n, adem\u00e1s de enfatizar que se contin\u00faa dependiendo de las remesas familiares. \u201cEn el tema del empleo seguimos siendo un pa\u00eds que est\u00e1 generando m\u00e1s [&hellip;]<\/p>\n","protected":false},"author":2,"featured_media":1487,"comment_status":"closed","ping_status":"open","sticky":false,"template":"","format":"standard","meta":{"_seopress_robots_primary_cat":"","_seopress_titles_title":"","_seopress_titles_desc":"","_seopress_robots_index":"","footnotes":""},"categories":[1],"tags":[],"class_list":["post-1486","post","type-post","status-publish","format-standard","has-post-thumbnail","hentry","category-sin-categoria"],"_links":{"self":[{"href":"https:\/\/girasolmultimedios.com\/portal\/wp-json\/wp\/v2\/posts\/1486","targetHints":{"allow":["GET"]}}],"collection":[{"href":"https:\/\/girasolmultimedios.com\/portal\/wp-json\/wp\/v2\/posts"}],"about":[{"href":"https:\/\/girasolmultimedios.com\/portal\/wp-json\/wp\/v2\/types\/post"}],"author":[{"embeddable":true,"href":"https:\/\/girasolmultimedios.com\/portal\/wp-json\/wp\/v2\/users\/2"}],"replies":[{"embeddable":true,"href":"https:\/\/girasolmultimedios.com\/portal\/wp-json\/wp\/v2\/comments?post=1486"}],"version-history":[{"count":1,"href":"https:\/\/girasolmultimedios.com\/portal\/wp-json\/wp\/v2\/posts\/1486\/revisions"}],"predecessor-version":[{"id":1488,"href":"https:\/\/girasolmultimedios.com\/portal\/wp-json\/wp\/v2\/posts\/1486\/revisions\/1488"}],"wp:featuredmedia":[{"embeddable":true,"href":"https:\/\/girasolmultimedios.com\/portal\/wp-json\/wp\/v2\/media\/1487"}],"wp:attachment":[{"href":"https:\/\/girasolmultimedios.com\/portal\/wp-json\/wp\/v2\/media?parent=1486"}],"wp:term":[{"taxonomy":"category","embeddable":true,"href":"https:\/\/girasolmultimedios.com\/portal\/wp-json\/wp\/v2\/categories?post=1486"},{"taxonomy":"post_tag","embeddable":true,"href":"https:\/\/girasolmultimedios.com\/portal\/wp-json\/wp\/v2\/tags?post=1486"}],"curies":[{"name":"wp","href":"https:\/\/api.w.org\/{rel}","templated":true}]}}