{"id":1495,"date":"2025-10-25T03:51:25","date_gmt":"2025-10-25T09:51:25","guid":{"rendered":"https:\/\/girasolmultimedios.com\/portal\/?p=1495"},"modified":"2025-10-25T04:04:13","modified_gmt":"2025-10-25T10:04:13","slug":"presidenta-de-la-csj-rechaza-declaraciones-de-nasralla-contra-juezas-hondurenas","status":"publish","type":"post","link":"https:\/\/girasolmultimedios.com\/portal\/presidenta-de-la-csj-rechaza-declaraciones-de-nasralla-contra-juezas-hondurenas\/","title":{"rendered":"Presidenta de la Corte Suprema de Justicia (CSJ) rechaza declaraciones de Nasralla contra juezas hondure\u00f1as"},"content":{"rendered":"\n<p>La presidenta de la Corte Suprema de Justicia (CSJ), Rebeca Lizette R\u00e1quel Obando, expres\u00f3 el viernes su firme rechazo a las declaraciones del candidato presidencial Salvador Nasralla, quien acus\u00f3 p\u00fablicamente a juezas del sistema judicial de mantener relaciones sentimentales con personas privadas de libertad.<\/p>\n\n\n\n<p>Durante un foro presidencial en San Pedro Sula, Nasralla afirm\u00f3 que \u201clos presos tienen ventajas y enamoran a las juezas\u201d, sugiriendo incluso la existencia de videos que probar\u00edan tales v\u00ednculos. Sus palabras desataron una ola de indignaci\u00f3n en distintos sectores sociales y pol\u00edticos, al considerar que constituyen un ataque directo a la integridad del Poder Judicial.<\/p>\n\n\n\n<p>\u201cLa honra y el trabajo de las juezas hondure\u00f1as no pueden ser manchados por afirmaciones irresponsables\u201d, respondi\u00f3 la magistrada presidenta, calificando las declaraciones como \u201cfalsedades ofensivas\u201d que atentan contra la dignidad y el compromiso de las mujeres que imparten justicia en el pa\u00eds.<\/p>\n\n\n\n<p>R\u00e1quel Obando subray\u00f3 que \u201cla justicia se defiende con verdad, respeto y compromiso\u201d, e hizo un llamado a los actores pol\u00edticos a actuar con prudencia y responsabilidad, especialmente en el actual contexto electoral.<\/p>\n\n\n\n<figure class=\"wp-block-embed is-type-rich is-provider-twitter wp-block-embed-twitter\"><div class=\"wp-block-embed__wrapper\">\n<blockquote class=\"twitter-tweet\" data-width=\"550\" data-dnt=\"true\"><p lang=\"es\" dir=\"ltr\">La honra y el trabajo de las juezas hondure\u00f1as no pueden ser manchados por afirmaciones irresponsables.<br><br>Rechazo en\u00e9rgicamente las declaraciones del candidato presidencial Salvador Nasralla, que constituyen una falsedad ofensiva contra la dignidad de las juezas hondure\u00f1as.<br><br>La\u2026 <a href=\"https:\/\/t.co\/mBlhDxdhQp\">https:\/\/t.co\/mBlhDxdhQp<\/a><\/p>&mdash; Rebeca Lizette R\u00e1quel Obando (@RebecaRaquelO) <a href=\"https:\/\/twitter.com\/RebecaRaquelO\/status\/1981767868606734628?ref_src=twsrc%5Etfw\">October 24, 2025<\/a><\/blockquote><script async src=\"https:\/\/platform.twitter.com\/widgets.js\" charset=\"utf-8\"><\/script>\n<\/div><\/figure>\n\n\n\n<p>En un comunicado oficial, el Poder Judicial de Honduras tambi\u00e9n conden\u00f3 \u201cen\u00e9rgica y categ\u00f3ricamente\u201d las expresiones del candidato del Partido Liberal, al considerar que \u201cdesacreditan injustamente la honorabilidad, el profesionalismo y el compromiso \u00e9tico de las juezas y jueces hondure\u00f1os\u201d.<\/p>\n\n\n\n<p>El pronunciamiento institucional record\u00f3 que la administraci\u00f3n de los centros penitenciarios recae en el Instituto Nacional Penitenciario (INP), por lo que calific\u00f3 de \u201ctotalmente falso y malintencionado\u201d atribuir a miembros del Poder Judicial cualquier tipo de privilegio o relaci\u00f3n indebida con personas privadas de libertad.<\/p>\n\n\n\n<figure class=\"wp-block-video\"><video height=\"416\" style=\"aspect-ratio: 720 \/ 416;\" width=\"720\" controls src=\"https:\/\/girasolmultimedios.com\/portal\/wp-content\/uploads\/VID-20251024-WA0023.mp4\"><\/video><\/figure>\n","protected":false},"excerpt":{"rendered":"<p>La presidenta de la Corte Suprema de Justicia (CSJ), Rebeca Lizette R\u00e1quel Obando, expres\u00f3 el viernes su firme rechazo a las declaraciones del candidato presidencial Salvador Nasralla, quien acus\u00f3 p\u00fablicamente a juezas del sistema judicial de mantener relaciones sentimentales con personas privadas de libertad. Durante un foro presidencial en San Pedro Sula, Nasralla afirm\u00f3 que [&hellip;]<\/p>\n","protected":false},"author":2,"featured_media":1505,"comment_status":"closed","ping_status":"open","sticky":false,"template":"","format":"standard","meta":{"_seopress_robots_primary_cat":"","_seopress_titles_title":"","_seopress_titles_desc":"","_seopress_robots_index":"","footnotes":""},"categories":[23],"tags":[25,150],"class_list":["post-1495","post","type-post","status-publish","format-standard","has-post-thumbnail","hentry","category-nacionales","tag-honduras","tag-policia-nacional"],"_links":{"self":[{"href":"https:\/\/girasolmultimedios.com\/portal\/wp-json\/wp\/v2\/posts\/1495","targetHints":{"allow":["GET"]}}],"collection":[{"href":"https:\/\/girasolmultimedios.com\/portal\/wp-json\/wp\/v2\/posts"}],"about":[{"href":"https:\/\/girasolmultimedios.com\/portal\/wp-json\/wp\/v2\/types\/post"}],"author":[{"embeddable":true,"href":"https:\/\/girasolmultimedios.com\/portal\/wp-json\/wp\/v2\/users\/2"}],"replies":[{"embeddable":true,"href":"https:\/\/girasolmultimedios.com\/portal\/wp-json\/wp\/v2\/comments?post=1495"}],"version-history":[{"count":4,"href":"https:\/\/girasolmultimedios.com\/portal\/wp-json\/wp\/v2\/posts\/1495\/revisions"}],"predecessor-version":[{"id":1503,"href":"https:\/\/girasolmultimedios.com\/portal\/wp-json\/wp\/v2\/posts\/1495\/revisions\/1503"}],"wp:featuredmedia":[{"embeddable":true,"href":"https:\/\/girasolmultimedios.com\/portal\/wp-json\/wp\/v2\/media\/1505"}],"wp:attachment":[{"href":"https:\/\/girasolmultimedios.com\/portal\/wp-json\/wp\/v2\/media?parent=1495"}],"wp:term":[{"taxonomy":"category","embeddable":true,"href":"https:\/\/girasolmultimedios.com\/portal\/wp-json\/wp\/v2\/categories?post=1495"},{"taxonomy":"post_tag","embeddable":true,"href":"https:\/\/girasolmultimedios.com\/portal\/wp-json\/wp\/v2\/tags?post=1495"}],"curies":[{"name":"wp","href":"https:\/\/api.w.org\/{rel}","templated":true}]}}