{"id":1509,"date":"2025-10-27T08:34:13","date_gmt":"2025-10-27T14:34:13","guid":{"rendered":"https:\/\/girasolmultimedios.com\/portal\/?p=1509"},"modified":"2025-10-27T08:34:14","modified_gmt":"2025-10-27T14:34:14","slug":"melissa-se-transforma-en-huracan-de-categoria-5-y-pone-en-alerta-a-jamaica","status":"publish","type":"post","link":"https:\/\/girasolmultimedios.com\/portal\/melissa-se-transforma-en-huracan-de-categoria-5-y-pone-en-alerta-a-jamaica\/","title":{"rendered":"Melissa se transforma en hurac\u00e1n de categor\u00eda 5 y pone en alerta a Jamaica"},"content":{"rendered":"\n<p>El hurac\u00e1n Melissa, formado como tormenta tropical el martes pasado en el mar Caribe, ha alcanzado la categor\u00eda 5, seg\u00fan el Centro Nacional de Huracanes (NHC, en ingl\u00e9s) de Estados Unidos, que prev\u00e9 vientos destructivos, marejada cicl\u00f3nica e inundaciones catastr\u00f3ficas que empeorar\u00e1n en Jamaica durante el d\u00eda y hasta esta noche.<\/p>\n\n\n\n<p>La previsi\u00f3n es que Melissa golpee como hurac\u00e1n a Jamaica este lunes y a Cuba el martes o el mi\u00e9rcoles, adem\u00e1s de causar lluvias en Hait\u00ed y en la Rep\u00fablica Dominicana, donde un mill\u00f3n de usuarios ya se han quedado sin agua.<\/p>\n\n\n\n<p>Desde el Centro Nacional de Huracanes se advierte a la poblaci\u00f3n de Jamaica de que no abandone su refugio seguro, ya que hasta ma\u00f1ana martes\u00a0existe un alto riesgo\u00a0de inundaciones repentinas y deslizamientos de tierra catastr\u00f3ficos.\u00a0<\/p>\n\n\n\n<p>Adem\u00e1s, se recuerda que los vientos de car\u00e1cter destructivo, especialmente en las zonas monta\u00f1osas, comenzar\u00e1n esta noche y podr\u00edan ocasionar da\u00f1os graves en infraestructuras, cortes de energ\u00eda y de comunicaciones de larga duraci\u00f3n, dejando comunidades aisladas.<\/p>\n\n\n\n<h2 class=\"wp-block-heading\" id=\"h-alerta-de-fuertes-lluvias-en-cuba\">Alerta de fuertes lluvias en Cuba<\/h2>\n\n\n\n<p>En\u00a0Hait\u00ed y en la Rep\u00fablica Dominicana\u00a0se espera que las condiciones propias de tormenta tropical lleguen hacia el final del martes y se prolonguen en el mi\u00e9rcoles.<\/p>\n\n\n\n<p>All\u00ed tambi\u00e9n se advierte de inundaciones, deslizamientos de tierra y de probables aislamientos de comunidades.&nbsp;<\/p>\n\n\n\n<p>En regiones del este de Cuba, se espera que las lluvias caigan con fuerza y los vientos soplen con gran intensidad durante la tarde-noche del martes. EFE<\/p>\n","protected":false},"excerpt":{"rendered":"<p>El hurac\u00e1n Melissa, formado como tormenta tropical el martes pasado en el mar Caribe, ha alcanzado la categor\u00eda 5, seg\u00fan el Centro Nacional de Huracanes (NHC, en ingl\u00e9s) de Estados Unidos, que prev\u00e9 vientos destructivos, marejada cicl\u00f3nica e inundaciones catastr\u00f3ficas que empeorar\u00e1n en Jamaica durante el d\u00eda y hasta esta noche. La previsi\u00f3n es que [&hellip;]<\/p>\n","protected":false},"author":2,"featured_media":1510,"comment_status":"closed","ping_status":"open","sticky":false,"template":"","format":"standard","meta":{"_seopress_robots_primary_cat":"","_seopress_titles_title":"","_seopress_titles_desc":"","_seopress_robots_index":"","footnotes":""},"categories":[45],"tags":[],"class_list":["post-1509","post","type-post","status-publish","format-standard","has-post-thumbnail","hentry","category-internacionales"],"_links":{"self":[{"href":"https:\/\/girasolmultimedios.com\/portal\/wp-json\/wp\/v2\/posts\/1509","targetHints":{"allow":["GET"]}}],"collection":[{"href":"https:\/\/girasolmultimedios.com\/portal\/wp-json\/wp\/v2\/posts"}],"about":[{"href":"https:\/\/girasolmultimedios.com\/portal\/wp-json\/wp\/v2\/types\/post"}],"author":[{"embeddable":true,"href":"https:\/\/girasolmultimedios.com\/portal\/wp-json\/wp\/v2\/users\/2"}],"replies":[{"embeddable":true,"href":"https:\/\/girasolmultimedios.com\/portal\/wp-json\/wp\/v2\/comments?post=1509"}],"version-history":[{"count":1,"href":"https:\/\/girasolmultimedios.com\/portal\/wp-json\/wp\/v2\/posts\/1509\/revisions"}],"predecessor-version":[{"id":1511,"href":"https:\/\/girasolmultimedios.com\/portal\/wp-json\/wp\/v2\/posts\/1509\/revisions\/1511"}],"wp:featuredmedia":[{"embeddable":true,"href":"https:\/\/girasolmultimedios.com\/portal\/wp-json\/wp\/v2\/media\/1510"}],"wp:attachment":[{"href":"https:\/\/girasolmultimedios.com\/portal\/wp-json\/wp\/v2\/media?parent=1509"}],"wp:term":[{"taxonomy":"category","embeddable":true,"href":"https:\/\/girasolmultimedios.com\/portal\/wp-json\/wp\/v2\/categories?post=1509"},{"taxonomy":"post_tag","embeddable":true,"href":"https:\/\/girasolmultimedios.com\/portal\/wp-json\/wp\/v2\/tags?post=1509"}],"curies":[{"name":"wp","href":"https:\/\/api.w.org\/{rel}","templated":true}]}}