{"id":1518,"date":"2025-10-27T09:30:52","date_gmt":"2025-10-27T15:30:52","guid":{"rendered":"https:\/\/girasolmultimedios.com\/portal\/?p=1518"},"modified":"2025-10-27T09:30:53","modified_gmt":"2025-10-27T15:30:53","slug":"habitantes-de-intibuca-demandan-la-reparacion-de-la-carretera","status":"publish","type":"post","link":"https:\/\/girasolmultimedios.com\/portal\/habitantes-de-intibuca-demandan-la-reparacion-de-la-carretera\/","title":{"rendered":"Habitantes de Intibuc\u00e1 demandan la reparaci\u00f3n de la carretera."},"content":{"rendered":"\n<p>Este lunes, habitantes de varias comunidades de La Esperanza, Intibuc\u00e1, realizaron una protesta para exigir a la Secretar\u00eda de Infraestructura y Transporte (SIT) el cumplimiento de los compromisos de reparaci\u00f3n de carreteras.<\/p>\n\n\n\n<p>Decenas de pobladores de las aldeas San Miguelito, El Zapote y La Uni\u00f3n se concentraron en una de las principales v\u00edas del municipio, demandando la pronta rehabilitaci\u00f3n de los tramos da\u00f1ados, cuyos trabajos fueron prometidos hace m\u00e1s de un a\u00f1o.<\/p>\n\n\n\n<p>Durante la manifestaci\u00f3n, los vecinos bloquearon el acceso principal, provocando la interrupci\u00f3n del tr\u00e1nsito vehicular en la zona.<\/p>\n\n\n\n<p>La inconformidad surge ante el deterioro continuo de la carretera que conecta La Esperanza con diversas comunidades rurales, una ruta fundamental para el transporte de productos agr\u00edcolas \u2014como caf\u00e9 y hortalizas\u2014 y para el acceso a servicios b\u00e1sicos como salud y educaci\u00f3n.<\/p>\n\n\n\n<p>De acuerdo con los l\u00edderes comunitarios, las lluvias recientes han agravado la situaci\u00f3n, dejando sectores pr\u00e1cticamente intransitables, con baches profundos y deslizamientos de tierra que ya han provocado al menos dos accidentes mortales.<\/p>\n\n\n\n<p>\u201cEstamos cansados de esperar. La SIT se comprometi\u00f3 a realizar las reparaciones desde junio del a\u00f1o pasado, pero hasta ahora solo hemos visto pasar la maquinaria. Nuestros hijos corren peligro al ir a la escuela, y los productores perdemos nuestras cosechas porque no podemos transportar la producci\u00f3n\u201d, expres\u00f3 uno de los manifestantes.<\/p>\n","protected":false},"excerpt":{"rendered":"<p>Este lunes, habitantes de varias comunidades de La Esperanza, Intibuc\u00e1, realizaron una protesta para exigir a la Secretar\u00eda de Infraestructura y Transporte (SIT) el cumplimiento de los compromisos de reparaci\u00f3n de carreteras. Decenas de pobladores de las aldeas San Miguelito, El Zapote y La Uni\u00f3n se concentraron en una de las principales v\u00edas del municipio, [&hellip;]<\/p>\n","protected":false},"author":2,"featured_media":1519,"comment_status":"closed","ping_status":"open","sticky":false,"template":"","format":"standard","meta":{"_seopress_robots_primary_cat":"","_seopress_titles_title":"","_seopress_titles_desc":"","_seopress_robots_index":"","footnotes":""},"categories":[1],"tags":[],"class_list":["post-1518","post","type-post","status-publish","format-standard","has-post-thumbnail","hentry","category-sin-categoria"],"_links":{"self":[{"href":"https:\/\/girasolmultimedios.com\/portal\/wp-json\/wp\/v2\/posts\/1518","targetHints":{"allow":["GET"]}}],"collection":[{"href":"https:\/\/girasolmultimedios.com\/portal\/wp-json\/wp\/v2\/posts"}],"about":[{"href":"https:\/\/girasolmultimedios.com\/portal\/wp-json\/wp\/v2\/types\/post"}],"author":[{"embeddable":true,"href":"https:\/\/girasolmultimedios.com\/portal\/wp-json\/wp\/v2\/users\/2"}],"replies":[{"embeddable":true,"href":"https:\/\/girasolmultimedios.com\/portal\/wp-json\/wp\/v2\/comments?post=1518"}],"version-history":[{"count":1,"href":"https:\/\/girasolmultimedios.com\/portal\/wp-json\/wp\/v2\/posts\/1518\/revisions"}],"predecessor-version":[{"id":1520,"href":"https:\/\/girasolmultimedios.com\/portal\/wp-json\/wp\/v2\/posts\/1518\/revisions\/1520"}],"wp:featuredmedia":[{"embeddable":true,"href":"https:\/\/girasolmultimedios.com\/portal\/wp-json\/wp\/v2\/media\/1519"}],"wp:attachment":[{"href":"https:\/\/girasolmultimedios.com\/portal\/wp-json\/wp\/v2\/media?parent=1518"}],"wp:term":[{"taxonomy":"category","embeddable":true,"href":"https:\/\/girasolmultimedios.com\/portal\/wp-json\/wp\/v2\/categories?post=1518"},{"taxonomy":"post_tag","embeddable":true,"href":"https:\/\/girasolmultimedios.com\/portal\/wp-json\/wp\/v2\/tags?post=1518"}],"curies":[{"name":"wp","href":"https:\/\/api.w.org\/{rel}","templated":true}]}}