{"id":1521,"date":"2025-10-27T09:36:07","date_gmt":"2025-10-27T15:36:07","guid":{"rendered":"https:\/\/girasolmultimedios.com\/portal\/?p=1521"},"modified":"2025-10-27T09:36:07","modified_gmt":"2025-10-27T15:36:07","slug":"romeo-vasquez-insta-a-las-fuerzas-armadas-a-mantenerse-al-margen-de-la-politica","status":"publish","type":"post","link":"https:\/\/girasolmultimedios.com\/portal\/romeo-vasquez-insta-a-las-fuerzas-armadas-a-mantenerse-al-margen-de-la-politica\/","title":{"rendered":"Romeo V\u00e1squez insta a las Fuerzas Armadas a mantenerse al margen de la pol\u00edtica."},"content":{"rendered":"\n<p>El general retirado y exjefe del Estado Mayor Conjunto, Romeo V\u00e1squez Vel\u00e1squez, exhort\u00f3 a los miembros de las Fuerzas Armadas de Honduras (FF. AA.) a mantenerse al margen de los intereses pol\u00edticos y a reafirmar su lealtad al pueblo y a la Constituci\u00f3n.<\/p>\n\n\n\n<p>A trav\u00e9s de un mensaje difundido en sus redes sociales, V\u00e1squez Vel\u00e1squez cuestion\u00f3 al actual jefe de las FF. AA., Roosevelt Hern\u00e1ndez, al se\u00f1alar que \u201cel cabo Roosevelt ya no sirve a la bandera\u201d nacional.<\/p>\n\n\n\n<p>El excomandante pidi\u00f3 a los militares no confundir \u201cpatriotismo con servilismo, ni obediencia con traici\u00f3n a la patria\u201d, destacando la importancia de que la instituci\u00f3n castrense act\u00fae con independencia y compromiso hacia el pa\u00eds, sin involucrarse en agendas partidarias.<\/p>\n\n\n\n<p>Asimismo, subray\u00f3 que las Fuerzas Armadas deben anteponer su deber constitucional y la defensa de los intereses del pueblo hondure\u00f1o, evitando cualquier influencia pol\u00edtica que comprometa su misi\u00f3n institucional.<\/p>\n","protected":false},"excerpt":{"rendered":"<p>El general retirado y exjefe del Estado Mayor Conjunto, Romeo V\u00e1squez Vel\u00e1squez, exhort\u00f3 a los miembros de las Fuerzas Armadas de Honduras (FF. AA.) a mantenerse al margen de los intereses pol\u00edticos y a reafirmar su lealtad al pueblo y a la Constituci\u00f3n. A trav\u00e9s de un mensaje difundido en sus redes sociales, V\u00e1squez Vel\u00e1squez [&hellip;]<\/p>\n","protected":false},"author":2,"featured_media":1522,"comment_status":"closed","ping_status":"open","sticky":false,"template":"","format":"standard","meta":{"_seopress_robots_primary_cat":"","_seopress_titles_title":"","_seopress_titles_desc":"","_seopress_robots_index":"","footnotes":""},"categories":[1],"tags":[],"class_list":["post-1521","post","type-post","status-publish","format-standard","has-post-thumbnail","hentry","category-sin-categoria"],"_links":{"self":[{"href":"https:\/\/girasolmultimedios.com\/portal\/wp-json\/wp\/v2\/posts\/1521","targetHints":{"allow":["GET"]}}],"collection":[{"href":"https:\/\/girasolmultimedios.com\/portal\/wp-json\/wp\/v2\/posts"}],"about":[{"href":"https:\/\/girasolmultimedios.com\/portal\/wp-json\/wp\/v2\/types\/post"}],"author":[{"embeddable":true,"href":"https:\/\/girasolmultimedios.com\/portal\/wp-json\/wp\/v2\/users\/2"}],"replies":[{"embeddable":true,"href":"https:\/\/girasolmultimedios.com\/portal\/wp-json\/wp\/v2\/comments?post=1521"}],"version-history":[{"count":1,"href":"https:\/\/girasolmultimedios.com\/portal\/wp-json\/wp\/v2\/posts\/1521\/revisions"}],"predecessor-version":[{"id":1523,"href":"https:\/\/girasolmultimedios.com\/portal\/wp-json\/wp\/v2\/posts\/1521\/revisions\/1523"}],"wp:featuredmedia":[{"embeddable":true,"href":"https:\/\/girasolmultimedios.com\/portal\/wp-json\/wp\/v2\/media\/1522"}],"wp:attachment":[{"href":"https:\/\/girasolmultimedios.com\/portal\/wp-json\/wp\/v2\/media?parent=1521"}],"wp:term":[{"taxonomy":"category","embeddable":true,"href":"https:\/\/girasolmultimedios.com\/portal\/wp-json\/wp\/v2\/categories?post=1521"},{"taxonomy":"post_tag","embeddable":true,"href":"https:\/\/girasolmultimedios.com\/portal\/wp-json\/wp\/v2\/tags?post=1521"}],"curies":[{"name":"wp","href":"https:\/\/api.w.org\/{rel}","templated":true}]}}