{"id":1527,"date":"2025-10-27T09:49:07","date_gmt":"2025-10-27T15:49:07","guid":{"rendered":"https:\/\/girasolmultimedios.com\/portal\/?p=1527"},"modified":"2025-10-27T09:49:07","modified_gmt":"2025-10-27T15:49:07","slug":"uftf-alerta-sobre-la-falta-de-recursos-para-supervisar-el-financiamiento-de-campanas","status":"publish","type":"post","link":"https:\/\/girasolmultimedios.com\/portal\/uftf-alerta-sobre-la-falta-de-recursos-para-supervisar-el-financiamiento-de-campanas\/","title":{"rendered":"UFTF alerta sobre la falta de recursos para supervisar el financiamiento de campa\u00f1as."},"content":{"rendered":"\n<p>El comisionado de la Unidad de Financiamiento, Transparencia y Fiscalizaci\u00f3n (UFTF), Emilio H\u00e9rcules, advirti\u00f3 que la falta de aprobaci\u00f3n del presupuesto por parte del Congreso Nacional est\u00e1 obstaculizando las labores de supervisi\u00f3n de los fondos de campa\u00f1a electoral.<\/p>\n\n\n\n<p>H\u00e9rcules se\u00f1al\u00f3 que tanto la UFTF como el Tribunal de Justicia Electoral (TJE) permanecen \u201climitados\u201d al no disponer de recursos para contratar personal t\u00e9cnico que realice auditor\u00edas especializadas.<\/p>\n\n\n\n<p>La UFTF present\u00f3 al Congreso, desde el pasado 20 de junio, una propuesta presupuestaria por 81 millones de lempiras, la cual a\u00fan no ha sido discutida ni aprobada.<\/p>\n\n\n\n<p>A menos de un mes de las elecciones generales y con m\u00e1s de 50 d\u00edas de campa\u00f1a en marcha, la unidad contin\u00faa sin los fondos necesarios para ejercer una fiscalizaci\u00f3n efectiva sobre los gastos de los candidatos.<\/p>\n\n\n\n<p>Datos oficiales revelan que \u00fanicamente el 39% de los aspirantes (700 de 2,137) han bancarizado sus recursos, en incumplimiento de lo establecido en la Ley de Financiamiento Electoral.<\/p>\n\n\n\n<p>Pese a las limitaciones, H\u00e9rcules reiter\u00f3 el compromiso de la UFTF con la transparencia y afirm\u00f3 que seguir\u00e1n publicando los informes financieros de los partidos y sus candidatos.<\/p>\n","protected":false},"excerpt":{"rendered":"<p>El comisionado de la Unidad de Financiamiento, Transparencia y Fiscalizaci\u00f3n (UFTF), Emilio H\u00e9rcules, advirti\u00f3 que la falta de aprobaci\u00f3n del presupuesto por parte del Congreso Nacional est\u00e1 obstaculizando las labores de supervisi\u00f3n de los fondos de campa\u00f1a electoral. H\u00e9rcules se\u00f1al\u00f3 que tanto la UFTF como el Tribunal de Justicia Electoral (TJE) permanecen \u201climitados\u201d al no [&hellip;]<\/p>\n","protected":false},"author":2,"featured_media":1528,"comment_status":"closed","ping_status":"open","sticky":false,"template":"","format":"standard","meta":{"_seopress_robots_primary_cat":"","_seopress_titles_title":"","_seopress_titles_desc":"","_seopress_robots_index":"","footnotes":""},"categories":[1],"tags":[],"class_list":["post-1527","post","type-post","status-publish","format-standard","has-post-thumbnail","hentry","category-sin-categoria"],"_links":{"self":[{"href":"https:\/\/girasolmultimedios.com\/portal\/wp-json\/wp\/v2\/posts\/1527","targetHints":{"allow":["GET"]}}],"collection":[{"href":"https:\/\/girasolmultimedios.com\/portal\/wp-json\/wp\/v2\/posts"}],"about":[{"href":"https:\/\/girasolmultimedios.com\/portal\/wp-json\/wp\/v2\/types\/post"}],"author":[{"embeddable":true,"href":"https:\/\/girasolmultimedios.com\/portal\/wp-json\/wp\/v2\/users\/2"}],"replies":[{"embeddable":true,"href":"https:\/\/girasolmultimedios.com\/portal\/wp-json\/wp\/v2\/comments?post=1527"}],"version-history":[{"count":1,"href":"https:\/\/girasolmultimedios.com\/portal\/wp-json\/wp\/v2\/posts\/1527\/revisions"}],"predecessor-version":[{"id":1529,"href":"https:\/\/girasolmultimedios.com\/portal\/wp-json\/wp\/v2\/posts\/1527\/revisions\/1529"}],"wp:featuredmedia":[{"embeddable":true,"href":"https:\/\/girasolmultimedios.com\/portal\/wp-json\/wp\/v2\/media\/1528"}],"wp:attachment":[{"href":"https:\/\/girasolmultimedios.com\/portal\/wp-json\/wp\/v2\/media?parent=1527"}],"wp:term":[{"taxonomy":"category","embeddable":true,"href":"https:\/\/girasolmultimedios.com\/portal\/wp-json\/wp\/v2\/categories?post=1527"},{"taxonomy":"post_tag","embeddable":true,"href":"https:\/\/girasolmultimedios.com\/portal\/wp-json\/wp\/v2\/tags?post=1527"}],"curies":[{"name":"wp","href":"https:\/\/api.w.org\/{rel}","templated":true}]}}