{"id":1539,"date":"2025-10-27T10:10:53","date_gmt":"2025-10-27T16:10:53","guid":{"rendered":"https:\/\/girasolmultimedios.com\/portal\/?p=1539"},"modified":"2025-10-27T10:10:54","modified_gmt":"2025-10-27T16:10:54","slug":"exportaciones-agricolas-del-pais-registran-una-caida-del-229","status":"publish","type":"post","link":"https:\/\/girasolmultimedios.com\/portal\/exportaciones-agricolas-del-pais-registran-una-caida-del-229\/","title":{"rendered":"Exportaciones agr\u00edcolas del pa\u00eds registran una ca\u00edda del 22,9%."},"content":{"rendered":"\n<p>Entre enero y agosto de 2025, las exportaciones agr\u00edcolas de Honduras, que incluyen los sectores de Agricultura, Ganader\u00eda, Silvicultura y Pesca, alcanzaron un total de 476.1 millones de d\u00f3lares, registrando una disminuci\u00f3n del 22.9% (equivalente a 141.6 millones de d\u00f3lares) en comparaci\u00f3n con el mismo per\u00edodo de 2024, seg\u00fan inform\u00f3 el Banco Central de Honduras (BCH).<\/p>\n\n\n\n<p>Este descenso se atribuye principalmente a la reducci\u00f3n en las exportaciones de banano, afectadas por varios factores, entre ellos una disminuci\u00f3n del 17.7% en el volumen exportado, equivalente a 3.0 millones menos de cajas de 40 libras, debido a los da\u00f1os ocasionados a las plantaciones por las condiciones clim\u00e1ticas adversas de 2024.<\/p>\n\n\n\n<p>Adem\u00e1s, las ventas de banano se vieron impactadas por una ca\u00edda del 25.3% en el precio promedio, influenciada en parte por la mayor oferta de pa\u00edses competidores como Colombia y Ecuador en mercados clave como Estados Unidos.<\/p>\n\n\n\n<p>Este efecto negativo fue parcialmente compensado por el incremento en las exportaciones de otros productos agr\u00edcolas, incluyendo diversas hortalizas y legumbres, huevos, pl\u00e1tanos, tub\u00e9rculos, frutas como el lim\u00f3n persa y otros cultivos, que en conjunto sumaron 19.0 millones de d\u00f3lares adicionales, seg\u00fan el BCH.<\/p>\n\n\n\n<p>Durante los primeros ocho meses de 2025, las exportaciones agr\u00edcolas representaron el 5.5% del total de las ventas al exterior del pa\u00eds, que alcanzaron los 8,629.5 millones de d\u00f3lares en ese mismo per\u00edodo.<\/p>\n","protected":false},"excerpt":{"rendered":"<p>Entre enero y agosto de 2025, las exportaciones agr\u00edcolas de Honduras, que incluyen los sectores de Agricultura, Ganader\u00eda, Silvicultura y Pesca, alcanzaron un total de 476.1 millones de d\u00f3lares, registrando una disminuci\u00f3n del 22.9% (equivalente a 141.6 millones de d\u00f3lares) en comparaci\u00f3n con el mismo per\u00edodo de 2024, seg\u00fan inform\u00f3 el Banco Central de Honduras [&hellip;]<\/p>\n","protected":false},"author":2,"featured_media":1540,"comment_status":"closed","ping_status":"open","sticky":false,"template":"","format":"standard","meta":{"_seopress_robots_primary_cat":"","_seopress_titles_title":"","_seopress_titles_desc":"","_seopress_robots_index":"","footnotes":""},"categories":[1],"tags":[],"class_list":["post-1539","post","type-post","status-publish","format-standard","has-post-thumbnail","hentry","category-sin-categoria"],"_links":{"self":[{"href":"https:\/\/girasolmultimedios.com\/portal\/wp-json\/wp\/v2\/posts\/1539","targetHints":{"allow":["GET"]}}],"collection":[{"href":"https:\/\/girasolmultimedios.com\/portal\/wp-json\/wp\/v2\/posts"}],"about":[{"href":"https:\/\/girasolmultimedios.com\/portal\/wp-json\/wp\/v2\/types\/post"}],"author":[{"embeddable":true,"href":"https:\/\/girasolmultimedios.com\/portal\/wp-json\/wp\/v2\/users\/2"}],"replies":[{"embeddable":true,"href":"https:\/\/girasolmultimedios.com\/portal\/wp-json\/wp\/v2\/comments?post=1539"}],"version-history":[{"count":1,"href":"https:\/\/girasolmultimedios.com\/portal\/wp-json\/wp\/v2\/posts\/1539\/revisions"}],"predecessor-version":[{"id":1541,"href":"https:\/\/girasolmultimedios.com\/portal\/wp-json\/wp\/v2\/posts\/1539\/revisions\/1541"}],"wp:featuredmedia":[{"embeddable":true,"href":"https:\/\/girasolmultimedios.com\/portal\/wp-json\/wp\/v2\/media\/1540"}],"wp:attachment":[{"href":"https:\/\/girasolmultimedios.com\/portal\/wp-json\/wp\/v2\/media?parent=1539"}],"wp:term":[{"taxonomy":"category","embeddable":true,"href":"https:\/\/girasolmultimedios.com\/portal\/wp-json\/wp\/v2\/categories?post=1539"},{"taxonomy":"post_tag","embeddable":true,"href":"https:\/\/girasolmultimedios.com\/portal\/wp-json\/wp\/v2\/tags?post=1539"}],"curies":[{"name":"wp","href":"https:\/\/api.w.org\/{rel}","templated":true}]}}