{"id":1545,"date":"2025-10-27T10:23:33","date_gmt":"2025-10-27T16:23:33","guid":{"rendered":"https:\/\/girasolmultimedios.com\/portal\/?p=1545"},"modified":"2025-10-27T10:23:34","modified_gmt":"2025-10-27T16:23:34","slug":"cne-recibira-solicitud-de-hernandez-sobre-actas-electorales-pero-el-ya-conoce-una-postura","status":"publish","type":"post","link":"https:\/\/girasolmultimedios.com\/portal\/cne-recibira-solicitud-de-hernandez-sobre-actas-electorales-pero-el-ya-conoce-una-postura\/","title":{"rendered":"CNE recibir\u00e1 solicitud de Hern\u00e1ndez sobre actas electorales, pero \u00e9l ya conoce una postura"},"content":{"rendered":"\n<p>La consejera presidenta del Consejo Nacional Electoral (CNE), Ana Paola Hall, inform\u00f3 que esperar\u00e1 que llegue \u201cpor escrito\u201d la solicitud del jefe de las Fuerzas Armadas, general Roosevelt Hern\u00e1ndez, sobre el acceso a copias de las actas de las Elecciones Generales, y asegur\u00f3 que la respuesta se dar\u00e1 por la misma v\u00eda, aunque aclar\u00f3 que en una reuni\u00f3n privada ya expres\u00f3 su postura y \u201cs\u00ed, ilustr\u00e9 aspectos jur\u00eddicos y constitucionales\u201d.<\/p>\n\n\n\n<p>Paola Hall detall\u00f3 que el intercambio con el alto mando militar se dio en un marco de respeto institucional y que la decisi\u00f3n del CNE se fundamentar\u00e1 en la Constituci\u00f3n, \u201ctal cual le coment\u00e9 al general en la reuni\u00f3n, si es su deseo presentar la solicitud por escrito, por escrito se le responder\u00e1 y por nada del mundo permitir\u00eda una recusaci\u00f3n en mi contra por emitir un juicio en este momento\u201d.<\/p>\n\n\n\n<p>Agreg\u00f3 que esperar\u00e1 la notificaci\u00f3n oficial del jefe castrense antes de emitir una resoluci\u00f3n formal, pero \u201cdaremos respuesta en el marco del art\u00edculo 272\u201d.<\/p>\n\n\n\n<p>En ese sentido, reconoci\u00f3 la voluntad de coordinaci\u00f3n que coexiste entre las instituciones involucradas en la organizaci\u00f3n de los comicios y subray\u00f3 la necesidad de mantener ese esp\u00edritu de colaboraci\u00f3n antes de la jornada electoral.<\/p>\n\n\n\n<p>\u201cYo creo que se ha demostrado una buena voluntad de coordinaci\u00f3n interinstitucional y que eso no debe empa\u00f1arse. Necesitamos trabajar CNE y Fuerzas Armadas para montar ese proceso electoral y el d\u00eda de las elecciones que ese material est\u00e9 ah\u00ed con absoluta tranquilidad y transparencia\u201d, dijo.<\/p>\n\n\n\n<p>\u201cLo que estamos haciendo es deriv\u00e1ndolo a algunos protocolos y algunos documentos para que cada uno tenga muy claro su responsabilidad y que despu\u00e9s no exista ning\u00fan malentendido por nada. Se trata simplemente de trabajar con las cartas sobre la mesa, guiados por la luz que es la Constituci\u00f3n y con transparencia\u201d, adicion\u00f3.<a href=\"https:\/\/www.hondudiario.com\/wp-content\/uploads\/2025\/01\/Gc7_IkrWsAActaR.avif\"><\/a><a href=\"https:\/\/www.hondudiario.com\/wp-content\/uploads\/2025\/10\/FotoJet-2025-10-27T094020.709.avif\"><\/a><\/p>\n","protected":false},"excerpt":{"rendered":"<p>La consejera presidenta del Consejo Nacional Electoral (CNE), Ana Paola Hall, inform\u00f3 que esperar\u00e1 que llegue \u201cpor escrito\u201d la solicitud del jefe de las Fuerzas Armadas, general Roosevelt Hern\u00e1ndez, sobre el acceso a copias de las actas de las Elecciones Generales, y asegur\u00f3 que la respuesta se dar\u00e1 por la misma v\u00eda, aunque aclar\u00f3 que [&hellip;]<\/p>\n","protected":false},"author":2,"featured_media":1546,"comment_status":"closed","ping_status":"open","sticky":false,"template":"","format":"standard","meta":{"_seopress_robots_primary_cat":"","_seopress_titles_title":"","_seopress_titles_desc":"","_seopress_robots_index":"","footnotes":""},"categories":[1],"tags":[],"class_list":["post-1545","post","type-post","status-publish","format-standard","has-post-thumbnail","hentry","category-sin-categoria"],"_links":{"self":[{"href":"https:\/\/girasolmultimedios.com\/portal\/wp-json\/wp\/v2\/posts\/1545","targetHints":{"allow":["GET"]}}],"collection":[{"href":"https:\/\/girasolmultimedios.com\/portal\/wp-json\/wp\/v2\/posts"}],"about":[{"href":"https:\/\/girasolmultimedios.com\/portal\/wp-json\/wp\/v2\/types\/post"}],"author":[{"embeddable":true,"href":"https:\/\/girasolmultimedios.com\/portal\/wp-json\/wp\/v2\/users\/2"}],"replies":[{"embeddable":true,"href":"https:\/\/girasolmultimedios.com\/portal\/wp-json\/wp\/v2\/comments?post=1545"}],"version-history":[{"count":1,"href":"https:\/\/girasolmultimedios.com\/portal\/wp-json\/wp\/v2\/posts\/1545\/revisions"}],"predecessor-version":[{"id":1547,"href":"https:\/\/girasolmultimedios.com\/portal\/wp-json\/wp\/v2\/posts\/1545\/revisions\/1547"}],"wp:featuredmedia":[{"embeddable":true,"href":"https:\/\/girasolmultimedios.com\/portal\/wp-json\/wp\/v2\/media\/1546"}],"wp:attachment":[{"href":"https:\/\/girasolmultimedios.com\/portal\/wp-json\/wp\/v2\/media?parent=1545"}],"wp:term":[{"taxonomy":"category","embeddable":true,"href":"https:\/\/girasolmultimedios.com\/portal\/wp-json\/wp\/v2\/categories?post=1545"},{"taxonomy":"post_tag","embeddable":true,"href":"https:\/\/girasolmultimedios.com\/portal\/wp-json\/wp\/v2\/tags?post=1545"}],"curies":[{"name":"wp","href":"https:\/\/api.w.org\/{rel}","templated":true}]}}