{"id":1549,"date":"2025-10-28T07:41:58","date_gmt":"2025-10-28T13:41:58","guid":{"rendered":"https:\/\/girasolmultimedios.com\/portal\/?p=1549"},"modified":"2025-10-28T07:42:32","modified_gmt":"2025-10-28T13:42:32","slug":"acribillan-a-juez-de-policia-frente-a-su-casa-en-azacualpa-santa-barbara","status":"publish","type":"post","link":"https:\/\/girasolmultimedios.com\/portal\/acribillan-a-juez-de-policia-frente-a-su-casa-en-azacualpa-santa-barbara\/","title":{"rendered":"Acribillan a juez de Polic\u00eda frente a su casa en Azacualpa, Santa B\u00e1rbara"},"content":{"rendered":"\n<p><strong>Azacualpa, Santa B\u00e1rbara<\/strong> &#8211; La noche del lunes 27 de octubre se ti\u00f1\u00f3 de luto en Azacualpa tras el asesinato de Kevin Erasmo Mart\u00ednez, juez de Polic\u00eda de la municipalidad local. El crimen ocurri\u00f3 frente a su vivienda, cuando el funcionario acababa de llegar junto a su esposa.<\/p>\n\n\n\n<p>Seg\u00fan testigos, la pareja acababa de estacionar su veh\u00edculo cuando varios individuos armados se aproximaron y abrieron fuego sin mediar palabra. En la escena de crimen, las autoridades\u00a0encontraron al menos nueve casquillos de bala, los cuales le habr\u00edan provocado la muerte de Mart\u00ednez de manera inmediata.<\/p>\n\n\n\n<p>La esposa del juez tambi\u00e9n result\u00f3 herida durante el tiroteo y permanece hospitalizada bajo pron\u00f3stico reservado.<\/p>\n\n\n\n<p>Los atacantes huyeron del lugar con rumbo desconocido y, hasta el momento, no se reportan capturas. La Polic\u00eda Nacional ha iniciado una investigaci\u00f3n para esclarecer el m\u00f3vil del crimen. No se descarta que el hecho est\u00e9 vinculado a represalias relacionadas con el ejercicio de sus funciones como juez de Polic\u00eda.<\/p>\n\n\n\n<p>La comunidad de Azacualpa ha reaccionado con profunda indignaci\u00f3n y dolor, exigiendo justicia y el pronto esclarecimiento del caso. Kevin Mart\u00ednez es recordado por su firme compromiso con la seguridad ciudadana y el bienestar colectivo.<\/p>\n","protected":false},"excerpt":{"rendered":"<p>Azacualpa, Santa B\u00e1rbara &#8211; La noche del lunes 27 de octubre se ti\u00f1\u00f3 de luto en Azacualpa tras el asesinato de Kevin Erasmo Mart\u00ednez, juez de Polic\u00eda de la municipalidad local. El crimen ocurri\u00f3 frente a su vivienda, cuando el funcionario acababa de llegar junto a su esposa. Seg\u00fan testigos, la pareja acababa de estacionar [&hellip;]<\/p>\n","protected":false},"author":2,"featured_media":1550,"comment_status":"closed","ping_status":"open","sticky":false,"template":"","format":"standard","meta":{"_seopress_robots_primary_cat":"","_seopress_titles_title":"","_seopress_titles_desc":"","_seopress_robots_index":"","footnotes":""},"categories":[23],"tags":[25,214],"class_list":["post-1549","post","type-post","status-publish","format-standard","has-post-thumbnail","hentry","category-nacionales","tag-honduras","tag-sucesos"],"_links":{"self":[{"href":"https:\/\/girasolmultimedios.com\/portal\/wp-json\/wp\/v2\/posts\/1549","targetHints":{"allow":["GET"]}}],"collection":[{"href":"https:\/\/girasolmultimedios.com\/portal\/wp-json\/wp\/v2\/posts"}],"about":[{"href":"https:\/\/girasolmultimedios.com\/portal\/wp-json\/wp\/v2\/types\/post"}],"author":[{"embeddable":true,"href":"https:\/\/girasolmultimedios.com\/portal\/wp-json\/wp\/v2\/users\/2"}],"replies":[{"embeddable":true,"href":"https:\/\/girasolmultimedios.com\/portal\/wp-json\/wp\/v2\/comments?post=1549"}],"version-history":[{"count":2,"href":"https:\/\/girasolmultimedios.com\/portal\/wp-json\/wp\/v2\/posts\/1549\/revisions"}],"predecessor-version":[{"id":1552,"href":"https:\/\/girasolmultimedios.com\/portal\/wp-json\/wp\/v2\/posts\/1549\/revisions\/1552"}],"wp:featuredmedia":[{"embeddable":true,"href":"https:\/\/girasolmultimedios.com\/portal\/wp-json\/wp\/v2\/media\/1550"}],"wp:attachment":[{"href":"https:\/\/girasolmultimedios.com\/portal\/wp-json\/wp\/v2\/media?parent=1549"}],"wp:term":[{"taxonomy":"category","embeddable":true,"href":"https:\/\/girasolmultimedios.com\/portal\/wp-json\/wp\/v2\/categories?post=1549"},{"taxonomy":"post_tag","embeddable":true,"href":"https:\/\/girasolmultimedios.com\/portal\/wp-json\/wp\/v2\/tags?post=1549"}],"curies":[{"name":"wp","href":"https:\/\/api.w.org\/{rel}","templated":true}]}}