{"id":1564,"date":"2025-10-28T09:37:14","date_gmt":"2025-10-28T15:37:14","guid":{"rendered":"https:\/\/girasolmultimedios.com\/portal\/?p=1564"},"modified":"2025-10-28T09:37:15","modified_gmt":"2025-10-28T15:37:15","slug":"diputados-de-la-oposicion-se-autoconvocaron-este-martes-para-llevar-a-cabo-una-sesion-legislativa","status":"publish","type":"post","link":"https:\/\/girasolmultimedios.com\/portal\/diputados-de-la-oposicion-se-autoconvocaron-este-martes-para-llevar-a-cabo-una-sesion-legislativa\/","title":{"rendered":"Diputados de la oposici\u00f3n se autoconvocaron este martes para llevar a cabo una sesi\u00f3n legislativa."},"content":{"rendered":"\n<p>Las bancadas de oposici\u00f3n del Congreso Nacional se autoconvocaron para este martes a una sesi\u00f3n extraordinaria con el prop\u00f3sito de ampliar el per\u00edodo de sesiones legislativas 2024-2025.<\/p>\n\n\n\n<p>La iniciativa busca impedir la conformaci\u00f3n de la Comisi\u00f3n Permanente durante el receso parlamentario, en medio de un clima de creciente tensi\u00f3n pol\u00edtica. La reuni\u00f3n est\u00e1 prevista para las 3:00 de la tarde y contar\u00e1 con la participaci\u00f3n de los distintos partidos de oposici\u00f3n.<\/p>\n\n\n\n<p>Los diputados opositores sostienen que esta medida es necesaria para garantizar la continuidad del trabajo legislativo y evitar una eventual paralizaci\u00f3n institucional.<\/p>\n\n\n\n<p>Por su parte, el partido Libertad y Refundaci\u00f3n (Libre) ha tildado la convocatoria como una \u201cmaniobra fuera del marco legal\u201d. Voceros oficialistas advirtieron que no reconocer\u00e1n las resoluciones o decretos que puedan surgir de la sesi\u00f3n, argumentando que cualquier convocatoria ajena a los procedimientos establecidos vulnera la Constituci\u00f3n de la Rep\u00fablica.<\/p>\n\n\n\n<p>El conflicto entre las bancadas intensifica las divisiones dentro del Poder Legislativo y genera incertidumbre sobre el desarrollo de las actividades parlamentarias.<\/p>\n\n\n\n<p>El presidente del Congreso Nacional, Luis Redondo, calific\u00f3 la autoconvocatoria como \u201cilegal\u201d a trav\u00e9s de su cuenta en la red social X, manifestando su preocupaci\u00f3n por las posibles repercusiones institucionales.<\/p>\n","protected":false},"excerpt":{"rendered":"<p>Las bancadas de oposici\u00f3n del Congreso Nacional se autoconvocaron para este martes a una sesi\u00f3n extraordinaria con el prop\u00f3sito de ampliar el per\u00edodo de sesiones legislativas 2024-2025. La iniciativa busca impedir la conformaci\u00f3n de la Comisi\u00f3n Permanente durante el receso parlamentario, en medio de un clima de creciente tensi\u00f3n pol\u00edtica. La reuni\u00f3n est\u00e1 prevista para [&hellip;]<\/p>\n","protected":false},"author":2,"featured_media":1565,"comment_status":"closed","ping_status":"open","sticky":false,"template":"","format":"standard","meta":{"_seopress_robots_primary_cat":"","_seopress_titles_title":"","_seopress_titles_desc":"","_seopress_robots_index":"","footnotes":""},"categories":[1],"tags":[],"class_list":["post-1564","post","type-post","status-publish","format-standard","has-post-thumbnail","hentry","category-sin-categoria"],"_links":{"self":[{"href":"https:\/\/girasolmultimedios.com\/portal\/wp-json\/wp\/v2\/posts\/1564","targetHints":{"allow":["GET"]}}],"collection":[{"href":"https:\/\/girasolmultimedios.com\/portal\/wp-json\/wp\/v2\/posts"}],"about":[{"href":"https:\/\/girasolmultimedios.com\/portal\/wp-json\/wp\/v2\/types\/post"}],"author":[{"embeddable":true,"href":"https:\/\/girasolmultimedios.com\/portal\/wp-json\/wp\/v2\/users\/2"}],"replies":[{"embeddable":true,"href":"https:\/\/girasolmultimedios.com\/portal\/wp-json\/wp\/v2\/comments?post=1564"}],"version-history":[{"count":1,"href":"https:\/\/girasolmultimedios.com\/portal\/wp-json\/wp\/v2\/posts\/1564\/revisions"}],"predecessor-version":[{"id":1566,"href":"https:\/\/girasolmultimedios.com\/portal\/wp-json\/wp\/v2\/posts\/1564\/revisions\/1566"}],"wp:featuredmedia":[{"embeddable":true,"href":"https:\/\/girasolmultimedios.com\/portal\/wp-json\/wp\/v2\/media\/1565"}],"wp:attachment":[{"href":"https:\/\/girasolmultimedios.com\/portal\/wp-json\/wp\/v2\/media?parent=1564"}],"wp:term":[{"taxonomy":"category","embeddable":true,"href":"https:\/\/girasolmultimedios.com\/portal\/wp-json\/wp\/v2\/categories?post=1564"},{"taxonomy":"post_tag","embeddable":true,"href":"https:\/\/girasolmultimedios.com\/portal\/wp-json\/wp\/v2\/tags?post=1564"}],"curies":[{"name":"wp","href":"https:\/\/api.w.org\/{rel}","templated":true}]}}