{"id":1570,"date":"2025-10-28T09:47:38","date_gmt":"2025-10-28T15:47:38","guid":{"rendered":"https:\/\/girasolmultimedios.com\/portal\/?p=1570"},"modified":"2025-10-28T09:47:39","modified_gmt":"2025-10-28T15:47:39","slug":"detienen-a-acusado-de-violar-a-una-nina","status":"publish","type":"post","link":"https:\/\/girasolmultimedios.com\/portal\/detienen-a-acusado-de-violar-a-una-nina\/","title":{"rendered":"Detienen a acusado de violar a una ni\u00f1a"},"content":{"rendered":"\n<p>El juez, en audiencia de declaraci\u00f3n de imputado, dict\u00f3 a un individuo la medida de la detenci\u00f3n judicial por el delito de violaci\u00f3n agravada continuada en perjuicio de una menor de edad.<\/p>\n\n\n\n<p>Al acusado, Arlinton Hern\u00e1ndez, se le captur\u00f3 el pasado s\u00e1bado 25 de octubre, por lo cual la Fiscal\u00eda Especial de la Ni\u00f1ez y Adolescencia (FEP-Ni\u00f1ez) de la Regional Atl\u00e1ntico pidi\u00f3 que se le imponga la medida en menci\u00f3n.<\/p>\n\n\n\n<p>El arresto fue ejecutado por un equipo de apoyo estrat\u00e9gico, operaciones especiales y comunicaciones de la Agencia T\u00e9cnica de Investigaci\u00f3n Criminal (ATIC), tras varios allanamientos en La Ceiba, Atl\u00e1ntida. Concluida la audiencia, el imputado fue trasladado al centro penal de El Porvenir, Atl\u00e1ntida, donde enfrentar\u00e1 el debido proceso judicial.<\/p>\n\n\n\n<p>La menor de edad, quien se encontraba en estado de embarazo a ra\u00edz de los abusos cometidos por Hern\u00e1ndez, fue v\u00edctima de este crimen durante un extenso per\u00edodo, aprovech\u00e1ndose de su vulnerabilidad y de la ausencia de la madre de la v\u00edctima, para cometer los abusos en la privacidad de su habitaci\u00f3n.<\/p>\n\n\n\n<p>En los allanamientos ejecutados el fin de semana se realiz\u00f3 el rescate de otra menor de edad que ser\u00e1 sometida a las evaluaciones correspondientes para descartar que tambi\u00e9n haya sido objeto de abusos por parte del imputado y en fecha 26 de septiembre de 2025 ya se hab\u00eda rescatado a la menor v\u00edctima.<\/p>\n\n\n\n<p>Tras la recolecci\u00f3n de pruebas y la realizaci\u00f3n de las indagaciones correspondientes, la Fiscal\u00eda solicit\u00f3 la orden de allanamiento para proceder con la recolecci\u00f3n de indicios por parte de agentes del grupo de investigaci\u00f3n de los delitos en contra de la libertad sexual y trata de personas de la ATIC.&nbsp;<\/p>\n","protected":false},"excerpt":{"rendered":"<p>El juez, en audiencia de declaraci\u00f3n de imputado, dict\u00f3 a un individuo la medida de la detenci\u00f3n judicial por el delito de violaci\u00f3n agravada continuada en perjuicio de una menor de edad. Al acusado, Arlinton Hern\u00e1ndez, se le captur\u00f3 el pasado s\u00e1bado 25 de octubre, por lo cual la Fiscal\u00eda Especial de la Ni\u00f1ez y [&hellip;]<\/p>\n","protected":false},"author":2,"featured_media":1571,"comment_status":"closed","ping_status":"open","sticky":false,"template":"","format":"standard","meta":{"_seopress_robots_primary_cat":"","_seopress_titles_title":"","_seopress_titles_desc":"","_seopress_robots_index":"","footnotes":""},"categories":[1],"tags":[],"class_list":["post-1570","post","type-post","status-publish","format-standard","has-post-thumbnail","hentry","category-sin-categoria"],"_links":{"self":[{"href":"https:\/\/girasolmultimedios.com\/portal\/wp-json\/wp\/v2\/posts\/1570","targetHints":{"allow":["GET"]}}],"collection":[{"href":"https:\/\/girasolmultimedios.com\/portal\/wp-json\/wp\/v2\/posts"}],"about":[{"href":"https:\/\/girasolmultimedios.com\/portal\/wp-json\/wp\/v2\/types\/post"}],"author":[{"embeddable":true,"href":"https:\/\/girasolmultimedios.com\/portal\/wp-json\/wp\/v2\/users\/2"}],"replies":[{"embeddable":true,"href":"https:\/\/girasolmultimedios.com\/portal\/wp-json\/wp\/v2\/comments?post=1570"}],"version-history":[{"count":1,"href":"https:\/\/girasolmultimedios.com\/portal\/wp-json\/wp\/v2\/posts\/1570\/revisions"}],"predecessor-version":[{"id":1572,"href":"https:\/\/girasolmultimedios.com\/portal\/wp-json\/wp\/v2\/posts\/1570\/revisions\/1572"}],"wp:featuredmedia":[{"embeddable":true,"href":"https:\/\/girasolmultimedios.com\/portal\/wp-json\/wp\/v2\/media\/1571"}],"wp:attachment":[{"href":"https:\/\/girasolmultimedios.com\/portal\/wp-json\/wp\/v2\/media?parent=1570"}],"wp:term":[{"taxonomy":"category","embeddable":true,"href":"https:\/\/girasolmultimedios.com\/portal\/wp-json\/wp\/v2\/categories?post=1570"},{"taxonomy":"post_tag","embeddable":true,"href":"https:\/\/girasolmultimedios.com\/portal\/wp-json\/wp\/v2\/tags?post=1570"}],"curies":[{"name":"wp","href":"https:\/\/api.w.org\/{rel}","templated":true}]}}