{"id":1573,"date":"2025-10-28T09:51:17","date_gmt":"2025-10-28T15:51:17","guid":{"rendered":"https:\/\/girasolmultimedios.com\/portal\/?p=1573"},"modified":"2025-10-28T09:51:18","modified_gmt":"2025-10-28T15:51:18","slug":"exportacion-agricola-nacional-cae-en-22-9","status":"publish","type":"post","link":"https:\/\/girasolmultimedios.com\/portal\/exportacion-agricola-nacional-cae-en-22-9\/","title":{"rendered":"Exportaci\u00f3n agr\u00edcola nacional cae en 22.9%"},"content":{"rendered":"\n<p>Las exportaciones agr\u00edcolas, representadas por actividades de Agricultura, Ganader\u00eda, Silvicultura y Pesca, sumaron 476.1 millones de d\u00f3lares, de enero a agosto del 2025, denotando una ca\u00edda del 22.9 por ciento ($141.6 millones) frente al mismo lapso de 2024, confirm\u00f3 el Banco Central de Honduras (BCH).<\/p>\n\n\n\n<p>La raz\u00f3n de este comportamiento es consecuencia, en su mayor parte, de las menores exportaciones de banano resultado de la combinaci\u00f3n de diversos factores, entre estos, la baja de 17.7 por ciento en el volumen exportado, 3.0 millones menos de cajas de 40 libras, ocasionada por los<\/p>\n\n\n\n<p>da\u00f1os a las plantaciones tras las secuelas de las condiciones clim\u00e1ticas adversas de 2024.<\/p>\n\n\n\n<p>Las ventas al mercado exterior de banano se vieron afectadas tambi\u00e9n por una ca\u00edda de 25.3 por ciento en el precio promedio, en parte, por la mayor oferta de pa\u00edses competidores como Colombia y Ecuador en mercados como los Estados Unidos.<\/p>\n\n\n\n<p>Lo anterior, fue atenuado parcialmente por el aumento en las exportaciones de otros productos tales como: otras hortalizas y legumbres, huevos, pl\u00e1tanos, tub\u00e9rculos, frutas (entre ellas el lim\u00f3n persa) y otros cultivos que en conjunto crecieron en 19.0 millones de d\u00f3lares de acuerdo con el Banco Central de Honduras.<\/p>\n\n\n\n<p>Las exportaciones agr\u00edcolas, siempre en los primeros ocho meses de este a\u00f1o, representaron un 5.5 por ciento de las ventas totales al exterior en ese periodo, las que ascendieron a 8,629.5 millones de d\u00f3lares.<\/p>\n","protected":false},"excerpt":{"rendered":"<p>Las exportaciones agr\u00edcolas, representadas por actividades de Agricultura, Ganader\u00eda, Silvicultura y Pesca, sumaron 476.1 millones de d\u00f3lares, de enero a agosto del 2025, denotando una ca\u00edda del 22.9 por ciento ($141.6 millones) frente al mismo lapso de 2024, confirm\u00f3 el Banco Central de Honduras (BCH). La raz\u00f3n de este comportamiento es consecuencia, en su mayor [&hellip;]<\/p>\n","protected":false},"author":2,"featured_media":1574,"comment_status":"closed","ping_status":"open","sticky":false,"template":"","format":"standard","meta":{"_seopress_robots_primary_cat":"","_seopress_titles_title":"","_seopress_titles_desc":"","_seopress_robots_index":"","footnotes":""},"categories":[1],"tags":[],"class_list":["post-1573","post","type-post","status-publish","format-standard","has-post-thumbnail","hentry","category-sin-categoria"],"_links":{"self":[{"href":"https:\/\/girasolmultimedios.com\/portal\/wp-json\/wp\/v2\/posts\/1573","targetHints":{"allow":["GET"]}}],"collection":[{"href":"https:\/\/girasolmultimedios.com\/portal\/wp-json\/wp\/v2\/posts"}],"about":[{"href":"https:\/\/girasolmultimedios.com\/portal\/wp-json\/wp\/v2\/types\/post"}],"author":[{"embeddable":true,"href":"https:\/\/girasolmultimedios.com\/portal\/wp-json\/wp\/v2\/users\/2"}],"replies":[{"embeddable":true,"href":"https:\/\/girasolmultimedios.com\/portal\/wp-json\/wp\/v2\/comments?post=1573"}],"version-history":[{"count":1,"href":"https:\/\/girasolmultimedios.com\/portal\/wp-json\/wp\/v2\/posts\/1573\/revisions"}],"predecessor-version":[{"id":1575,"href":"https:\/\/girasolmultimedios.com\/portal\/wp-json\/wp\/v2\/posts\/1573\/revisions\/1575"}],"wp:featuredmedia":[{"embeddable":true,"href":"https:\/\/girasolmultimedios.com\/portal\/wp-json\/wp\/v2\/media\/1574"}],"wp:attachment":[{"href":"https:\/\/girasolmultimedios.com\/portal\/wp-json\/wp\/v2\/media?parent=1573"}],"wp:term":[{"taxonomy":"category","embeddable":true,"href":"https:\/\/girasolmultimedios.com\/portal\/wp-json\/wp\/v2\/categories?post=1573"},{"taxonomy":"post_tag","embeddable":true,"href":"https:\/\/girasolmultimedios.com\/portal\/wp-json\/wp\/v2\/tags?post=1573"}],"curies":[{"name":"wp","href":"https:\/\/api.w.org\/{rel}","templated":true}]}}