{"id":1582,"date":"2025-10-28T10:12:17","date_gmt":"2025-10-28T16:12:17","guid":{"rendered":"https:\/\/girasolmultimedios.com\/portal\/?p=1582"},"modified":"2025-10-28T10:12:18","modified_gmt":"2025-10-28T16:12:18","slug":"retraso-de-actas-de-valle-y-olancho-pone-en-una-situacion-critica-al-cronograma-electoral","status":"publish","type":"post","link":"https:\/\/girasolmultimedios.com\/portal\/retraso-de-actas-de-valle-y-olancho-pone-en-una-situacion-critica-al-cronograma-electoral\/","title":{"rendered":"Retraso de actas de Valle y Olancho pone en una situaci\u00f3n cr\u00edtica al cronograma electoral"},"content":{"rendered":"\n<p>La concejal vocal del Consejo Nacional Electoral (CNE), Cossette L\u00f3pez, enfatiz\u00f3 que el retraso en la impresi\u00f3n de las actas de Olancho y Valle tienen en una posici\u00f3n critica ya que tienen un retraso en fechas, porque no sirve de nada tener debates \u201cest\u00e9riles\u201d cuando ya las reglas est\u00e1n establecidas.<\/p>\n\n\n\n<p>\u201cNos est\u00e1 atrasando respecto de las fechas y nos est\u00e1 colocando en situaciones cr\u00edticas, yo espero en Dios que se resuelva pronto. Miren a lo que nos llevan estos debates est\u00e9riles de las unanimidades, los consensos y todos estos des\u00f3rdenes que arman en los \u00f3rganos colegiados cuando han sido reglas dictadas por a\u00f1ales, \u00bfverdad? Lastimosamente estamos as\u00ed. Cuando una persona no est\u00e1 de acuerdo con alguien, se presenta y dirime eso presente\u201d, dijo L\u00f3pez.<\/p>\n\n\n\n<p>Para L\u00f3pez hay que formalizarse un poco, no se trata de censurar ni de felicitar a nadie, sino que por experiencia propia ya sabe que esos problemas no llegan a ning\u00fan lado, por lo que espera que las 1.086 de Olancho y 406,607 de Valle.<\/p>\n\n\n\n<p><a href=\"https:\/\/www.hondudiario.com\/wp-content\/uploads\/2025\/03\/CNE-png.avif\"><\/a><\/p>\n","protected":false},"excerpt":{"rendered":"<p>La concejal vocal del Consejo Nacional Electoral (CNE), Cossette L\u00f3pez, enfatiz\u00f3 que el retraso en la impresi\u00f3n de las actas de Olancho y Valle tienen en una posici\u00f3n critica ya que tienen un retraso en fechas, porque no sirve de nada tener debates \u201cest\u00e9riles\u201d cuando ya las reglas est\u00e1n establecidas. \u201cNos est\u00e1 atrasando respecto de [&hellip;]<\/p>\n","protected":false},"author":2,"featured_media":1583,"comment_status":"closed","ping_status":"open","sticky":false,"template":"","format":"standard","meta":{"_seopress_robots_primary_cat":"","_seopress_titles_title":"","_seopress_titles_desc":"","_seopress_robots_index":"","footnotes":""},"categories":[1],"tags":[],"class_list":["post-1582","post","type-post","status-publish","format-standard","has-post-thumbnail","hentry","category-sin-categoria"],"_links":{"self":[{"href":"https:\/\/girasolmultimedios.com\/portal\/wp-json\/wp\/v2\/posts\/1582","targetHints":{"allow":["GET"]}}],"collection":[{"href":"https:\/\/girasolmultimedios.com\/portal\/wp-json\/wp\/v2\/posts"}],"about":[{"href":"https:\/\/girasolmultimedios.com\/portal\/wp-json\/wp\/v2\/types\/post"}],"author":[{"embeddable":true,"href":"https:\/\/girasolmultimedios.com\/portal\/wp-json\/wp\/v2\/users\/2"}],"replies":[{"embeddable":true,"href":"https:\/\/girasolmultimedios.com\/portal\/wp-json\/wp\/v2\/comments?post=1582"}],"version-history":[{"count":1,"href":"https:\/\/girasolmultimedios.com\/portal\/wp-json\/wp\/v2\/posts\/1582\/revisions"}],"predecessor-version":[{"id":1584,"href":"https:\/\/girasolmultimedios.com\/portal\/wp-json\/wp\/v2\/posts\/1582\/revisions\/1584"}],"wp:featuredmedia":[{"embeddable":true,"href":"https:\/\/girasolmultimedios.com\/portal\/wp-json\/wp\/v2\/media\/1583"}],"wp:attachment":[{"href":"https:\/\/girasolmultimedios.com\/portal\/wp-json\/wp\/v2\/media?parent=1582"}],"wp:term":[{"taxonomy":"category","embeddable":true,"href":"https:\/\/girasolmultimedios.com\/portal\/wp-json\/wp\/v2\/categories?post=1582"},{"taxonomy":"post_tag","embeddable":true,"href":"https:\/\/girasolmultimedios.com\/portal\/wp-json\/wp\/v2\/tags?post=1582"}],"curies":[{"name":"wp","href":"https:\/\/api.w.org\/{rel}","templated":true}]}}