{"id":1585,"date":"2025-10-29T02:45:56","date_gmt":"2025-10-29T08:45:56","guid":{"rendered":"https:\/\/girasolmultimedios.com\/portal\/?p=1585"},"modified":"2025-10-29T02:45:57","modified_gmt":"2025-10-29T08:45:57","slug":"el-potente-huracan-melissa-de-categoria-3-toca-tierra-en-la-costa-oriental-de-cuba","status":"publish","type":"post","link":"https:\/\/girasolmultimedios.com\/portal\/el-potente-huracan-melissa-de-categoria-3-toca-tierra-en-la-costa-oriental-de-cuba\/","title":{"rendered":"El potente hurac\u00e1n Melissa, de categor\u00eda 3, toca tierra en la costa oriental de Cuba"},"content":{"rendered":"\n<p>El potente hurac\u00e1n Melissa, con categor\u00eda 3 en la escala Saffir-Simpson, toc\u00f3 tierra en la costa sur del oriente de Cuba en la madrugada de este mi\u00e9rcoles acompa\u00f1ado de fuertes vientos, intensas lluvias y una gran marejada cicl\u00f3nica.<\/p>\n\n\n\n<p>Seg\u00fan inform\u00f3 el Centro Nacional de Huracanes (CNH) de Estados Unidos, Melissa ha tocado tierra con vientos cercanos a 195 kil\u00f3metros por hora cerca de la ciudad de Chivirico, pr\u00f3xima a Santiago de Cuba, la segunda ciudad m\u00e1s poblada del pa\u00eds.<\/p>\n\n\n\n<p>El Instituto Meteorol\u00f3gico (Insmet) de Cuba prev\u00e9 que el hurac\u00e1n, cuyo centro avanza a 17 kil\u00f3metros por hora,&nbsp;se desplace en direcci\u00f3n noreste, con vientos sostenidos de m\u00e1s de 200 kil\u00f3metros por hora, lluvias que podr\u00edan dejar hasta 450 mililitros (litros por metro cuadrado) y marejadas cicl\u00f3nicas con olas de hasta ocho metros.<\/p>\n\n\n\n<h2 class=\"wp-block-heading\" id=\"h-evacuadas-mas-de-700-000-personas\">Evacuadas m\u00e1s de 700.000 personas<\/h2>\n\n\n\n<p>Seg\u00fan el pron\u00f3stico, tras permanecer entre seis y ocho horas en tierra, Melissa saldr\u00e1 al mar por el municipio de Banes (noreste), aunque sus efectos se seguir\u00e1n sintiendo en Cuba durante ocho o diez horas m\u00e1s.<\/p>\n\n\n\n<p>Las autoridades cubanas han advertido de que se trata de un sistema \u00abextremadamente peligroso\u00bb por la probabilidad de que se produzcan inundaciones s\u00fabitas, deslaves, penetraciones del mar en zonas bajas costeras, derrumbes e, incluso, roturas de presas.<\/p>\n\n\n\n<p>En las seis provincias en alarma cicl\u00f3nica (Granma, Santiago de Cuba, Guant\u00e1namo, Holgu\u00edn, Las Tunas y Camag\u00fcey) se ha evacuado o protegido a 735.000 personas, la mayor\u00eda en casas de familiares y amigos, aunque algunos tambi\u00e9n en refugios. Suponen m\u00e1s del 7,5 % de la poblaci\u00f3n total.<\/p>\n\n\n\n<p>Adem\u00e1s, en toda la regi\u00f3n oriental se ha paralizado el transporte p\u00fablico terrestre, mar\u00edtimo y a\u00e9reo; se ha suspendido la actividad docente y se han asegurado infraestructuras estatales y cultivos.<\/p>\n\n\n\n<h2 class=\"wp-block-heading\" id=\"h-el-presidente-advierte-de-que-sera-una-noche-muy-dificil\">El presidente advierte de que \u00abser\u00e1 una noche muy dif\u00edcil\u00bb<\/h2>\n\n\n\n<p>Dos de las siete centrales termoel\u00e9ctricas del pa\u00eds, la columna vertebral del Sistema El\u00e9ctrico Nacional (SEN), se han detenido ya por seguridad, al encontrarse en el camino de Melissa y ante el temor de que sufran desperfectos.<\/p>\n\n\n\n<p>Hay que tener en cuenta que son infraestructuras obsoletas y con un d\u00e9ficit cr\u00f3nico de inversiones.<\/p>\n\n\n\n<p>El presidente de Cuba, Miguel D\u00edaz-Canel, ha pedido responsabilidad y precauci\u00f3n y ha advertido que \u00e9sta \u00abser\u00e1 una noche muy dif\u00edcil\u00bb para todo el pa\u00eds.<\/p>\n\n\n\n<p>Melissa atraves\u00f3 este martes Jamaica\u00a0como hurac\u00e1n de categor\u00eda 5, provocando graves desperfectos en la infraestructura y dejando sin electricidad a m\u00e1s de 530.000 personas, adem\u00e1s de aislar a varias comunidades por los da\u00f1os en las carreteras.\u00a0<\/p>\n\n\n\n<p>El primer ministro de la isla, Andrew Holness, declar\u00f3 al pa\u00eds como \u00abzona catastr\u00f3fica\u00bb.<\/p>\n\n\n\n<h2 class=\"wp-block-heading\" id=\"h-temporada-de-huracanes\">Temporada de huracanes<\/h2>\n\n\n\n<p>El \u00faltimo hurac\u00e1n categor\u00eda 5 que azot\u00f3 Cuba fue\u00a0Irma\u00a0en 2017, que dej\u00f3 10 muertos y da\u00f1os por unos 13.000 millones de d\u00f3lares (11.147 millones de euros).<\/p>\n\n\n\n<p>El m\u00e1s reciente, que afect\u00f3 a Santiago de Cuba fue Sandy, en 2012, que provoc\u00f3 11 fallecidos y severos desperfectos en la ciudad.<\/p>\n\n\n\n<p>Los meteor\u00f3logos cubanos advirtieron de que la actual temporada de ciclones en el Atl\u00e1ntico, vigente del 1 de junio al 30 de noviembre, ser\u00eda \u00abmuy activa\u00bb, con hasta ocho huracanes.<\/p>\n\n\n\n<p>En la temporada cicl\u00f3nica previa dos huracanes golpearon directamente la isla. El primero fue \u00d3scar, que en octubre impact\u00f3 con categor\u00eda 1 el oriente del pa\u00eds, y luego un mes m\u00e1s tarde Rafael, con categor\u00eda 3, castig\u00f3 el occidente cubano. EFE<\/p>\n","protected":false},"excerpt":{"rendered":"<p>El potente hurac\u00e1n Melissa, con categor\u00eda 3 en la escala Saffir-Simpson, toc\u00f3 tierra en la costa sur del oriente de Cuba en la madrugada de este mi\u00e9rcoles acompa\u00f1ado de fuertes vientos, intensas lluvias y una gran marejada cicl\u00f3nica. Seg\u00fan inform\u00f3 el Centro Nacional de Huracanes (CNH) de Estados Unidos, Melissa ha tocado tierra con vientos [&hellip;]<\/p>\n","protected":false},"author":2,"featured_media":1586,"comment_status":"closed","ping_status":"open","sticky":false,"template":"","format":"standard","meta":{"_seopress_robots_primary_cat":"","_seopress_titles_title":"","_seopress_titles_desc":"","_seopress_robots_index":"","footnotes":""},"categories":[45],"tags":[113,275,274],"class_list":["post-1585","post","type-post","status-publish","format-standard","has-post-thumbnail","hentry","category-internacionales","tag-caribe","tag-cuba","tag-huracan"],"_links":{"self":[{"href":"https:\/\/girasolmultimedios.com\/portal\/wp-json\/wp\/v2\/posts\/1585","targetHints":{"allow":["GET"]}}],"collection":[{"href":"https:\/\/girasolmultimedios.com\/portal\/wp-json\/wp\/v2\/posts"}],"about":[{"href":"https:\/\/girasolmultimedios.com\/portal\/wp-json\/wp\/v2\/types\/post"}],"author":[{"embeddable":true,"href":"https:\/\/girasolmultimedios.com\/portal\/wp-json\/wp\/v2\/users\/2"}],"replies":[{"embeddable":true,"href":"https:\/\/girasolmultimedios.com\/portal\/wp-json\/wp\/v2\/comments?post=1585"}],"version-history":[{"count":1,"href":"https:\/\/girasolmultimedios.com\/portal\/wp-json\/wp\/v2\/posts\/1585\/revisions"}],"predecessor-version":[{"id":1587,"href":"https:\/\/girasolmultimedios.com\/portal\/wp-json\/wp\/v2\/posts\/1585\/revisions\/1587"}],"wp:featuredmedia":[{"embeddable":true,"href":"https:\/\/girasolmultimedios.com\/portal\/wp-json\/wp\/v2\/media\/1586"}],"wp:attachment":[{"href":"https:\/\/girasolmultimedios.com\/portal\/wp-json\/wp\/v2\/media?parent=1585"}],"wp:term":[{"taxonomy":"category","embeddable":true,"href":"https:\/\/girasolmultimedios.com\/portal\/wp-json\/wp\/v2\/categories?post=1585"},{"taxonomy":"post_tag","embeddable":true,"href":"https:\/\/girasolmultimedios.com\/portal\/wp-json\/wp\/v2\/tags?post=1585"}],"curies":[{"name":"wp","href":"https:\/\/api.w.org\/{rel}","templated":true}]}}