{"id":1588,"date":"2025-10-29T02:51:04","date_gmt":"2025-10-29T08:51:04","guid":{"rendered":"https:\/\/girasolmultimedios.com\/portal\/?p=1588"},"modified":"2025-10-29T02:51:05","modified_gmt":"2025-10-29T08:51:05","slug":"activistas-en-mexico-proponen-legalizar-la-eutanasia-con-la-ley-trasciende","status":"publish","type":"post","link":"https:\/\/girasolmultimedios.com\/portal\/activistas-en-mexico-proponen-legalizar-la-eutanasia-con-la-ley-trasciende\/","title":{"rendered":"Activistas en M\u00e9xico proponen legalizar la eutanasia con la \u2018ley Trasciende\u2019"},"content":{"rendered":"\n<p>Activistas y organizaciones mexicanas presentaron el martes una propuesta de ley ante el Senado en busca de legalizar la eutanasia y \u00abel derecho a una muerte digna\u00bb en el pa\u00eds.<\/p>\n\n\n\n<p>La \u2018Ley Trasciende\u2019, impulsada por la activista Samara Mart\u00ednez, quien vive con una enfermedad renal terminal, y la Coalici\u00f3n Muerte Digna Ya, busca \u00abdefinir, reconocer y garantizar el derecho constitucional a la muerte digna\u00bb en la Constituci\u00f3n mexicana.<\/p>\n\n\n\n<p>La propuesta plantea reformar la Ley General de Salud en M\u00e9xico para permitir la eutanasia o ayuda m\u00e9dica para morir, as\u00ed como el C\u00f3digo Penal federal, para que no se criminalice la decisi\u00f3n aut\u00f3noma y libre de los pacientes terminales.&nbsp;<\/p>\n\n\n\n<p>\u00abLa Ley Trasciende no busca promover la muerte, busca humanizarla, busca que ning\u00fan mexicano o mexicana tenga que morir sufriendo con dolor, con miedo, pero sobre todo con agon\u00eda. Porque morir con paz tambi\u00e9n es un derecho\u00bb, expuso Mart\u00ednez, durante la presentaci\u00f3n de la propuesta en el Senado.&nbsp;<\/p>\n\n\n\n<p>Mart\u00ednez pidi\u00f3 ver \u00abm\u00e1s all\u00e1 del tab\u00fa y el dogma\u00bb este tema que \u00abdespierta muchas emociones, temores y prejuicios\u00bb.<\/p>\n\n\n\n<p>La propuesta de ley ser\u00e1 presentada este mi\u00e9rcoles ante la C\u00e1mara de Diputados en M\u00e9xico, en espera de que pueda ser discutida pr\u00f3ximamente.<\/p>\n\n\n\n<p>En M\u00e9xico, la ley general de salud proh\u00edbe \u00abla pr\u00e1ctica de la eutanasia, entendida como homicidio por piedad, as\u00ed como el suicidio asistido\u00bb, seg\u00fan indica el Art\u00edculo 166 Bis 21 de dicha legislaci\u00f3n.&nbsp;<\/p>\n\n\n\n<p>No obstante, veinte de los 32 estados de M\u00e9xico cuentan con leyes de voluntad anticipada \u2014tambi\u00e9n llamada eutanasia pasiva\u2014 que permiten al paciente rechazar tratamientos m\u00e9dicos en momentos cr\u00edticos.<\/p>\n\n\n\n<p>Siete de cada diez mexicanos est\u00e1n a favor de la eutanasia o el suicidio m\u00e9dicamente asistido, seg\u00fan una encuesta realizada en 2022 por la organizaci\u00f3n civil Por el Derecho a Morir con Dignidad (DMD).<\/p>\n\n\n\n<p>\u00abLos invito a mirar a los ojos de quienes ya no tienen esperanza m\u00e9dica, de quienes cada d\u00eda piden s\u00f3lo un poco de alivio, de quienes aman la vida, pero tambi\u00e9n desean poder despedirse con serenidad. Porque s\u00ed, amamos, vivir, amamos la vida, pero nuestro cuerpo, nuestro propio cascar\u00f3n, ya no puede m\u00e1s\u00bb, expres\u00f3.<\/p>\n\n\n\n<h2 class=\"wp-block-heading\" id=\"h-la-propuesta-legislativa\">La propuesta legislativa<\/h2>\n\n\n\n<p>La activista comparti\u00f3 as\u00ed su experiencia, tras haber visto pacientes morir en agon\u00eda y condiciones que calific\u00f3 de \u00abinsoportables\u00bb.<\/p>\n\n\n\n<p>\u00abLes hablo desde la experiencia, desde los hospitales, desde las noches en vela, desde las l\u00e1grimas y la fe. He visto morir a compa\u00f1eros en condiciones que ning\u00fan ser humano deber\u00eda soportar, pegados ah\u00ed a una m\u00e1quina de hemodi\u00e1lisis en la lucha contra el c\u00e1ncer y con todas las enfermedades que acontecen a nuestra sociedad\u00bb, expuso.<\/p>\n\n\n\n<p>Adem\u00e1s, comparti\u00f3 el \u00abmiedo, incertidumbre y cansancio extremo\u00bb que ella misma atraviesa por su\u00a0enfermedad. \u00abHoy, a\u00fan despu\u00e9s de haber estado conectada 10 horas (a una m\u00e1quina m\u00e9dica), estoy aqu\u00ed presente y firme frente a ustedes para decirle que s\u00ed se puede, que ley Trasciende est\u00e1 preparada para llegar a M\u00e9xico\u00bb, afirm\u00f3. EFE<\/p>\n","protected":false},"excerpt":{"rendered":"<p>Activistas y organizaciones mexicanas presentaron el martes una propuesta de ley ante el Senado en busca de legalizar la eutanasia y \u00abel derecho a una muerte digna\u00bb en el pa\u00eds. La \u2018Ley Trasciende\u2019, impulsada por la activista Samara Mart\u00ednez, quien vive con una enfermedad renal terminal, y la Coalici\u00f3n Muerte Digna Ya, busca \u00abdefinir, reconocer [&hellip;]<\/p>\n","protected":false},"author":2,"featured_media":1589,"comment_status":"closed","ping_status":"open","sticky":false,"template":"","format":"standard","meta":{"_seopress_robots_primary_cat":"","_seopress_titles_title":"","_seopress_titles_desc":"","_seopress_robots_index":"","footnotes":""},"categories":[45],"tags":[276],"class_list":["post-1588","post","type-post","status-publish","format-standard","has-post-thumbnail","hentry","category-internacionales","tag-mexico-2"],"_links":{"self":[{"href":"https:\/\/girasolmultimedios.com\/portal\/wp-json\/wp\/v2\/posts\/1588","targetHints":{"allow":["GET"]}}],"collection":[{"href":"https:\/\/girasolmultimedios.com\/portal\/wp-json\/wp\/v2\/posts"}],"about":[{"href":"https:\/\/girasolmultimedios.com\/portal\/wp-json\/wp\/v2\/types\/post"}],"author":[{"embeddable":true,"href":"https:\/\/girasolmultimedios.com\/portal\/wp-json\/wp\/v2\/users\/2"}],"replies":[{"embeddable":true,"href":"https:\/\/girasolmultimedios.com\/portal\/wp-json\/wp\/v2\/comments?post=1588"}],"version-history":[{"count":1,"href":"https:\/\/girasolmultimedios.com\/portal\/wp-json\/wp\/v2\/posts\/1588\/revisions"}],"predecessor-version":[{"id":1590,"href":"https:\/\/girasolmultimedios.com\/portal\/wp-json\/wp\/v2\/posts\/1588\/revisions\/1590"}],"wp:featuredmedia":[{"embeddable":true,"href":"https:\/\/girasolmultimedios.com\/portal\/wp-json\/wp\/v2\/media\/1589"}],"wp:attachment":[{"href":"https:\/\/girasolmultimedios.com\/portal\/wp-json\/wp\/v2\/media?parent=1588"}],"wp:term":[{"taxonomy":"category","embeddable":true,"href":"https:\/\/girasolmultimedios.com\/portal\/wp-json\/wp\/v2\/categories?post=1588"},{"taxonomy":"post_tag","embeddable":true,"href":"https:\/\/girasolmultimedios.com\/portal\/wp-json\/wp\/v2\/tags?post=1588"}],"curies":[{"name":"wp","href":"https:\/\/api.w.org\/{rel}","templated":true}]}}