{"id":1591,"date":"2025-10-29T03:04:50","date_gmt":"2025-10-29T09:04:50","guid":{"rendered":"https:\/\/girasolmultimedios.com\/portal\/?p=1591"},"modified":"2025-10-29T03:10:29","modified_gmt":"2025-10-29T09:10:29","slug":"en-prision-dejan-a-mujer-acusada-de-matar-a-su-hija-recien-nacida-en-teupasenti","status":"publish","type":"post","link":"https:\/\/girasolmultimedios.com\/portal\/en-prision-dejan-a-mujer-acusada-de-matar-a-su-hija-recien-nacida-en-teupasenti\/","title":{"rendered":"En prisi\u00f3n dejan a mujer acusada de matar a su hija reci\u00e9n nacida en Teupasenti"},"content":{"rendered":"\n<p><strong>Teupasenti, El Para\u00edso<\/strong> &#8211; Una mujer identificada como Mayra D\u00edaz fue puesta en prisi\u00f3n preventiva tras ser acusada de haber dado muerte a su hijo reci\u00e9n nacido, en un hecho que ha conmocionado a la comunidad de la aldea Las Ca\u00f1as.<\/p>\n\n\n\n<p>Seg\u00fan las primeras indagaciones de la Direcci\u00f3n Policial de Investigaciones (DPI), el suceso ocurri\u00f3 el pasado 18 de octubre, cuando D\u00edaz habr\u00eda dado a luz en secreto dentro de su vivienda, sin informar a ning\u00fan familiar. El parto fue presenciado por un ni\u00f1o de tres a\u00f1os, quien relat\u00f3 lo ocurrido con inocencia a Mar\u00eda \u00c1vila, suegra de la acusada.<\/p>\n\n\n\n<p>Alertada por el testimonio del menor, \u00c1vila ingres\u00f3 a la habitaci\u00f3n y observ\u00f3 manchas de sangre en la cama. D\u00edaz, sin embargo, le asegur\u00f3 que se trataba de su menstruaci\u00f3n. Dos d\u00edas m\u00e1s tarde, el 20 de octubre, un olor penetrante comenz\u00f3 a emanar del cuarto, lo que llev\u00f3 a \u00c1vila a revisar el lugar.<\/p>\n\n\n\n<p>Fue entonces cuando descubri\u00f3 un balde pl\u00e1stico blanco escondido bajo la cama. En su interior yac\u00eda el cuerpo sin vida del reci\u00e9n nacido, colocado boca abajo. La mujer acusada tom\u00f3 el recipiente, aleg\u00f3 que conten\u00eda ropa sucia y abandon\u00f3 la vivienda. El cad\u00e1ver fue localizado por las autoridades al d\u00eda siguiente.<\/p>\n\n\n\n<p>El Ministerio P\u00fablico ha iniciado el proceso judicial correspondiente, mientras D\u00edaz permanece bajo prisi\u00f3n preventiva. La investigaci\u00f3n contin\u00faa para esclarecer los hechos y determinar su responsabilidad penal.<\/p>\n","protected":false},"excerpt":{"rendered":"<p>Teupasenti, El Para\u00edso &#8211; Una mujer identificada como Mayra D\u00edaz fue puesta en prisi\u00f3n preventiva tras ser acusada de haber dado muerte a su hijo reci\u00e9n nacido, en un hecho que ha conmocionado a la comunidad de la aldea Las Ca\u00f1as. Seg\u00fan las primeras indagaciones de la Direcci\u00f3n Policial de Investigaciones (DPI), el suceso ocurri\u00f3 [&hellip;]<\/p>\n","protected":false},"author":2,"featured_media":1592,"comment_status":"closed","ping_status":"open","sticky":false,"template":"","format":"standard","meta":{"_seopress_robots_primary_cat":"","_seopress_titles_title":"","_seopress_titles_desc":"","_seopress_robots_index":"","footnotes":""},"categories":[23],"tags":[25,150,214],"class_list":["post-1591","post","type-post","status-publish","format-standard","has-post-thumbnail","hentry","category-nacionales","tag-honduras","tag-policia-nacional","tag-sucesos"],"_links":{"self":[{"href":"https:\/\/girasolmultimedios.com\/portal\/wp-json\/wp\/v2\/posts\/1591","targetHints":{"allow":["GET"]}}],"collection":[{"href":"https:\/\/girasolmultimedios.com\/portal\/wp-json\/wp\/v2\/posts"}],"about":[{"href":"https:\/\/girasolmultimedios.com\/portal\/wp-json\/wp\/v2\/types\/post"}],"author":[{"embeddable":true,"href":"https:\/\/girasolmultimedios.com\/portal\/wp-json\/wp\/v2\/users\/2"}],"replies":[{"embeddable":true,"href":"https:\/\/girasolmultimedios.com\/portal\/wp-json\/wp\/v2\/comments?post=1591"}],"version-history":[{"count":2,"href":"https:\/\/girasolmultimedios.com\/portal\/wp-json\/wp\/v2\/posts\/1591\/revisions"}],"predecessor-version":[{"id":1595,"href":"https:\/\/girasolmultimedios.com\/portal\/wp-json\/wp\/v2\/posts\/1591\/revisions\/1595"}],"wp:featuredmedia":[{"embeddable":true,"href":"https:\/\/girasolmultimedios.com\/portal\/wp-json\/wp\/v2\/media\/1592"}],"wp:attachment":[{"href":"https:\/\/girasolmultimedios.com\/portal\/wp-json\/wp\/v2\/media?parent=1591"}],"wp:term":[{"taxonomy":"category","embeddable":true,"href":"https:\/\/girasolmultimedios.com\/portal\/wp-json\/wp\/v2\/categories?post=1591"},{"taxonomy":"post_tag","embeddable":true,"href":"https:\/\/girasolmultimedios.com\/portal\/wp-json\/wp\/v2\/tags?post=1591"}],"curies":[{"name":"wp","href":"https:\/\/api.w.org\/{rel}","templated":true}]}}