{"id":1605,"date":"2025-10-29T10:08:37","date_gmt":"2025-10-29T16:08:37","guid":{"rendered":"https:\/\/girasolmultimedios.com\/portal\/?p=1605"},"modified":"2025-10-29T10:08:38","modified_gmt":"2025-10-29T16:08:38","slug":"incendio-sigue-activo-en-bodegas-de-una-maquila-en-choloma","status":"publish","type":"post","link":"https:\/\/girasolmultimedios.com\/portal\/incendio-sigue-activo-en-bodegas-de-una-maquila-en-choloma\/","title":{"rendered":"Incendio sigue activo en bodegas de una maquila en Choloma."},"content":{"rendered":"\n<p>Un voraz incendio que inici\u00f3 la noche del martes 28 de octubre sigue activo en las instalaciones de una maquila textil en Choloma, departamento de Cort\u00e9s, consumiendo por completo cuatro bodegas dedicadas al reciclaje de tela.<\/p>\n\n\n\n<p>A pesar de los intensos esfuerzos del Cuerpo de Bomberos, el fuego persiste a esta hora de la ma\u00f1ana de mi\u00e9rcoles, dejando un panorama de destrucci\u00f3n total y graves repercusiones socioecon\u00f3micas.<\/p>\n\n\n\n<p>El siniestro se origin\u00f3 alrededor de las 8:00 p.m. del martes en las bodegas de la maquila, ubicada en la zona industrial de Choloma, conocida como uno de los principales polos de empleo en la regi\u00f3n norte de Honduras.<\/p>\n\n\n\n<p>Las llamas se propagaron r\u00e1pidamente debido a la gran cantidad de material textil almacenado, generando columnas de humo denso visibles desde varios kil\u00f3metros a la redonda.<\/p>\n\n\n\n<p>Testigos oculares describen escenas de p\u00e1nico, con altas temperaturas que se sent\u00edan a varios metros de distancia y un estruendo constante de explosiones menores provocadas por el calor.<\/p>\n\n\n\n<p>Pese al despliegue de m\u00faltiples unidades de bomberos de Choloma, San Pedro Sula y Puerto Cort\u00e9s, junto con apoyo de voluntarios y maquinaria pesada, el incendio no ha sido controlado en su totalidad.<\/p>\n\n\n\n<p>Las p\u00e9rdidas materiales se estiman en varios millones de lempiras, con la destrucci\u00f3n total de equipos, inventarios y estructuras.<\/p>\n\n\n\n<p>Ning\u00fan bien pudo ser rescatado de las bodegas afectadas, lo que agrava el impacto econ\u00f3mico.<\/p>\n","protected":false},"excerpt":{"rendered":"<p>Un voraz incendio que inici\u00f3 la noche del martes 28 de octubre sigue activo en las instalaciones de una maquila textil en Choloma, departamento de Cort\u00e9s, consumiendo por completo cuatro bodegas dedicadas al reciclaje de tela. A pesar de los intensos esfuerzos del Cuerpo de Bomberos, el fuego persiste a esta hora de la ma\u00f1ana [&hellip;]<\/p>\n","protected":false},"author":2,"featured_media":1606,"comment_status":"closed","ping_status":"open","sticky":false,"template":"","format":"standard","meta":{"_seopress_robots_primary_cat":"","_seopress_titles_title":"","_seopress_titles_desc":"","_seopress_robots_index":"","footnotes":""},"categories":[1],"tags":[],"class_list":["post-1605","post","type-post","status-publish","format-standard","has-post-thumbnail","hentry","category-sin-categoria"],"_links":{"self":[{"href":"https:\/\/girasolmultimedios.com\/portal\/wp-json\/wp\/v2\/posts\/1605","targetHints":{"allow":["GET"]}}],"collection":[{"href":"https:\/\/girasolmultimedios.com\/portal\/wp-json\/wp\/v2\/posts"}],"about":[{"href":"https:\/\/girasolmultimedios.com\/portal\/wp-json\/wp\/v2\/types\/post"}],"author":[{"embeddable":true,"href":"https:\/\/girasolmultimedios.com\/portal\/wp-json\/wp\/v2\/users\/2"}],"replies":[{"embeddable":true,"href":"https:\/\/girasolmultimedios.com\/portal\/wp-json\/wp\/v2\/comments?post=1605"}],"version-history":[{"count":1,"href":"https:\/\/girasolmultimedios.com\/portal\/wp-json\/wp\/v2\/posts\/1605\/revisions"}],"predecessor-version":[{"id":1607,"href":"https:\/\/girasolmultimedios.com\/portal\/wp-json\/wp\/v2\/posts\/1605\/revisions\/1607"}],"wp:featuredmedia":[{"embeddable":true,"href":"https:\/\/girasolmultimedios.com\/portal\/wp-json\/wp\/v2\/media\/1606"}],"wp:attachment":[{"href":"https:\/\/girasolmultimedios.com\/portal\/wp-json\/wp\/v2\/media?parent=1605"}],"wp:term":[{"taxonomy":"category","embeddable":true,"href":"https:\/\/girasolmultimedios.com\/portal\/wp-json\/wp\/v2\/categories?post=1605"},{"taxonomy":"post_tag","embeddable":true,"href":"https:\/\/girasolmultimedios.com\/portal\/wp-json\/wp\/v2\/tags?post=1605"}],"curies":[{"name":"wp","href":"https:\/\/api.w.org\/{rel}","templated":true}]}}