{"id":1611,"date":"2025-10-29T10:23:09","date_gmt":"2025-10-29T16:23:09","guid":{"rendered":"https:\/\/girasolmultimedios.com\/portal\/?p=1611"},"modified":"2025-10-29T10:23:10","modified_gmt":"2025-10-29T16:23:10","slug":"tegucigalpa-es-sede-del-xv-convencion-centroamericana-y-del-caribe-de-centros-de-arbitraje","status":"publish","type":"post","link":"https:\/\/girasolmultimedios.com\/portal\/tegucigalpa-es-sede-del-xv-convencion-centroamericana-y-del-caribe-de-centros-de-arbitraje\/","title":{"rendered":"Tegucigalpa es sede del XV Convenci\u00f3n Centroamericana y del Caribe de Centros de Arbitraje"},"content":{"rendered":"\n<p>La C\u00e1mara de Comercio e Industria de Tegucigalpa (CCIT), a trav\u00e9s de su Centro de Conciliaci\u00f3n y Arbitraje (CCA), inaugur\u00f3 ayer la XV Convenci\u00f3n Centroamericana y del Caribe de Centros de Arbitraje, un evento que re\u00fane en la capital hondure\u00f1a a destacados expertos nacionales e internacionales en m\u00e9todos alternos de soluci\u00f3n de conflictos.<\/p>\n\n\n\n<p>Bajo el lema \u201cEl Futuro del Arbitraje: Tendencias Globales y Oportunidades Regionales\u201d, la convenci\u00f3n busca fortalecer el intercambio de experiencias, armonizar pr\u00e1cticas y promover una cultura arbitral moderna, eficiente y accesible en toda la regi\u00f3n.<\/p>\n\n\n\n<p>Durante, el 28 y 29 de octubre, Tegucigalpa es el punto de encuentro de profesionales del derecho, empresarios, acad\u00e9micos y representantes institucionales que trabajan por consolidar el arbitraje como una herramienta clave para la seguridad jur\u00eddica y el desarrollo econ\u00f3mico.<\/p>\n","protected":false},"excerpt":{"rendered":"<p>La C\u00e1mara de Comercio e Industria de Tegucigalpa (CCIT), a trav\u00e9s de su Centro de Conciliaci\u00f3n y Arbitraje (CCA), inaugur\u00f3 ayer la XV Convenci\u00f3n Centroamericana y del Caribe de Centros de Arbitraje, un evento que re\u00fane en la capital hondure\u00f1a a destacados expertos nacionales e internacionales en m\u00e9todos alternos de soluci\u00f3n de conflictos. Bajo el [&hellip;]<\/p>\n","protected":false},"author":2,"featured_media":1612,"comment_status":"closed","ping_status":"open","sticky":false,"template":"","format":"standard","meta":{"_seopress_robots_primary_cat":"","_seopress_titles_title":"","_seopress_titles_desc":"","_seopress_robots_index":"","footnotes":""},"categories":[1],"tags":[],"class_list":["post-1611","post","type-post","status-publish","format-standard","has-post-thumbnail","hentry","category-sin-categoria"],"_links":{"self":[{"href":"https:\/\/girasolmultimedios.com\/portal\/wp-json\/wp\/v2\/posts\/1611","targetHints":{"allow":["GET"]}}],"collection":[{"href":"https:\/\/girasolmultimedios.com\/portal\/wp-json\/wp\/v2\/posts"}],"about":[{"href":"https:\/\/girasolmultimedios.com\/portal\/wp-json\/wp\/v2\/types\/post"}],"author":[{"embeddable":true,"href":"https:\/\/girasolmultimedios.com\/portal\/wp-json\/wp\/v2\/users\/2"}],"replies":[{"embeddable":true,"href":"https:\/\/girasolmultimedios.com\/portal\/wp-json\/wp\/v2\/comments?post=1611"}],"version-history":[{"count":1,"href":"https:\/\/girasolmultimedios.com\/portal\/wp-json\/wp\/v2\/posts\/1611\/revisions"}],"predecessor-version":[{"id":1613,"href":"https:\/\/girasolmultimedios.com\/portal\/wp-json\/wp\/v2\/posts\/1611\/revisions\/1613"}],"wp:featuredmedia":[{"embeddable":true,"href":"https:\/\/girasolmultimedios.com\/portal\/wp-json\/wp\/v2\/media\/1612"}],"wp:attachment":[{"href":"https:\/\/girasolmultimedios.com\/portal\/wp-json\/wp\/v2\/media?parent=1611"}],"wp:term":[{"taxonomy":"category","embeddable":true,"href":"https:\/\/girasolmultimedios.com\/portal\/wp-json\/wp\/v2\/categories?post=1611"},{"taxonomy":"post_tag","embeddable":true,"href":"https:\/\/girasolmultimedios.com\/portal\/wp-json\/wp\/v2\/tags?post=1611"}],"curies":[{"name":"wp","href":"https:\/\/api.w.org\/{rel}","templated":true}]}}