{"id":1617,"date":"2025-10-29T10:28:19","date_gmt":"2025-10-29T16:28:19","guid":{"rendered":"https:\/\/girasolmultimedios.com\/portal\/?p=1617"},"modified":"2025-10-29T10:28:19","modified_gmt":"2025-10-29T16:28:19","slug":"el-papa-pide-que-las-religiones-vigilen-los-peligros-del-fundamentalismo-y-el-extremismo","status":"publish","type":"post","link":"https:\/\/girasolmultimedios.com\/portal\/el-papa-pide-que-las-religiones-vigilen-los-peligros-del-fundamentalismo-y-el-extremismo\/","title":{"rendered":"El papa pide que las religiones vigilen los peligros del fundamentalismo y el extremismo"},"content":{"rendered":"\n<p>El\u00a0papa Le\u00f3n XIV\u00a0inst\u00f3 este mi\u00e9rcoles a que todas las religiones vigilen los peligros del fundamentalismo y el extremismo y trabajen juntas para reconstruir la esperanza \u00aben nuestro mundo devastado por la guerra y en nuestro entorno natural degradado\u00bb, durante su catequesis en la audiencia general.<\/p>\n\n\n\n<p>El pont\u00edfice de doble nacionalidad estadounidense y peruana dedic\u00f3 su catequesis a la conmemoraci\u00f3n de los 60 a\u00f1os de la declaraci\u00f3n \u2018Nostra Aetate\u2019, el documento que durante el Concilio Vaticano II puso las bases para el dialogo interreligioso, sobre todo con los jud\u00edos.<\/p>\n\n\n\n<p>\u00abLa Iglesia, consciente de la herencia que tiene en com\u00fan con los jud\u00edos, y movida no por motivos pol\u00edticos, sino por la caridad religiosa evang\u00e9lica, deplora el odio, las persecuciones y todas las manifestaciones de antisemitismo dirigidas contra los jud\u00edos\u00bb, reiter\u00f3 el pont\u00edfice.<\/p>\n\n\n\n<p>Y agreg\u00f3 \u00abque la Iglesia no tolera el antisemitismo y lo combate, por el bien del Evangelio mismo\u00bb.<\/p>\n\n\n\n<p>Explic\u00f3 que aunque en estos a\u00f1os \u00abtambi\u00e9n ha habido malentendidos, dificultades y conflictos\u00bb con los jud\u00edos nunca han impedido la continuidad del di\u00e1logo y se\u00f1al\u00f3 que no se puede \u00abpermitir que las circunstancias pol\u00edticas y las injusticias de algunos nos desv\u00eden de la amistad, especialmente porque hemos logrado mucho hasta ahora\u00bb.<\/p>\n\n\n\n<h4 class=\"wp-block-heading\"><em><strong>Llamado a la unidad<\/strong><\/em><\/h4>\n\n\n\n<p>Continu\u00f3 afirmando que ahora \u00abm\u00e1s que nunca\u00bb, nuestro mundo necesita la unidad, amistad y colaboraci\u00f3n de todas las religiones porque \u00abpueden contribuir a aliviar el sufrimiento humano y a cuidar nuestro hogar com\u00fan, nuestro planeta Tierra\u00bb.<\/p>\n\n\n\n<p>\u00abDebemos reafirmar nuestro servicio a la humanidad en todo momento. Juntos, debemos estar alerta ante el abuso del nombre de Dios, de la religi\u00f3n y de la humanidad misma. di\u00e1logo, as\u00ed como contra los peligros que plantean el fundamentalismo y el extremismo religioso\u00bb, asever\u00f3 el papa Le\u00f3n XIV.<\/p>\n","protected":false},"excerpt":{"rendered":"<p>El\u00a0papa Le\u00f3n XIV\u00a0inst\u00f3 este mi\u00e9rcoles a que todas las religiones vigilen los peligros del fundamentalismo y el extremismo y trabajen juntas para reconstruir la esperanza \u00aben nuestro mundo devastado por la guerra y en nuestro entorno natural degradado\u00bb, durante su catequesis en la audiencia general. El pont\u00edfice de doble nacionalidad estadounidense y peruana dedic\u00f3 su [&hellip;]<\/p>\n","protected":false},"author":2,"featured_media":1618,"comment_status":"closed","ping_status":"open","sticky":false,"template":"","format":"standard","meta":{"_seopress_robots_primary_cat":"","_seopress_titles_title":"","_seopress_titles_desc":"","_seopress_robots_index":"","footnotes":""},"categories":[1],"tags":[],"class_list":["post-1617","post","type-post","status-publish","format-standard","has-post-thumbnail","hentry","category-sin-categoria"],"_links":{"self":[{"href":"https:\/\/girasolmultimedios.com\/portal\/wp-json\/wp\/v2\/posts\/1617","targetHints":{"allow":["GET"]}}],"collection":[{"href":"https:\/\/girasolmultimedios.com\/portal\/wp-json\/wp\/v2\/posts"}],"about":[{"href":"https:\/\/girasolmultimedios.com\/portal\/wp-json\/wp\/v2\/types\/post"}],"author":[{"embeddable":true,"href":"https:\/\/girasolmultimedios.com\/portal\/wp-json\/wp\/v2\/users\/2"}],"replies":[{"embeddable":true,"href":"https:\/\/girasolmultimedios.com\/portal\/wp-json\/wp\/v2\/comments?post=1617"}],"version-history":[{"count":1,"href":"https:\/\/girasolmultimedios.com\/portal\/wp-json\/wp\/v2\/posts\/1617\/revisions"}],"predecessor-version":[{"id":1619,"href":"https:\/\/girasolmultimedios.com\/portal\/wp-json\/wp\/v2\/posts\/1617\/revisions\/1619"}],"wp:featuredmedia":[{"embeddable":true,"href":"https:\/\/girasolmultimedios.com\/portal\/wp-json\/wp\/v2\/media\/1618"}],"wp:attachment":[{"href":"https:\/\/girasolmultimedios.com\/portal\/wp-json\/wp\/v2\/media?parent=1617"}],"wp:term":[{"taxonomy":"category","embeddable":true,"href":"https:\/\/girasolmultimedios.com\/portal\/wp-json\/wp\/v2\/categories?post=1617"},{"taxonomy":"post_tag","embeddable":true,"href":"https:\/\/girasolmultimedios.com\/portal\/wp-json\/wp\/v2\/tags?post=1617"}],"curies":[{"name":"wp","href":"https:\/\/api.w.org\/{rel}","templated":true}]}}