{"id":1634,"date":"2025-10-30T10:16:16","date_gmt":"2025-10-30T16:16:16","guid":{"rendered":"https:\/\/girasolmultimedios.com\/portal\/?p=1634"},"modified":"2025-10-30T10:16:17","modified_gmt":"2025-10-30T16:16:17","slug":"merary-diaz-intentara-nuevamente-entregar-acta-de-sesion-opositora-al-congreso","status":"publish","type":"post","link":"https:\/\/girasolmultimedios.com\/portal\/merary-diaz-intentara-nuevamente-entregar-acta-de-sesion-opositora-al-congreso\/","title":{"rendered":"Merary D\u00edaz intentar\u00e1 nuevamente entregar acta de sesi\u00f3n opositora al Congreso"},"content":{"rendered":"\n<p>La diputada del Partido Nacional, Merary D\u00edaz, anunci\u00f3 que este jueves volver\u00e1 a presentar ante la Secretar\u00eda del\u00a0Congreso Nacional\u00a0el acta de lo aprobado en la sesi\u00f3n autoconvocada por la oposici\u00f3n.<\/p>\n\n\n\n<p>D\u00edaz, quien fungi\u00f3 como secretaria durante la sesi\u00f3n extraordinaria del martes, explic\u00f3 que la guardia legislativa le impidi\u00f3 realizar el tr\u00e1mite el mi\u00e9rcoles por la tarde. Por ello, asegur\u00f3 que hoy al mediod\u00eda llegar\u00e1 al Legislativo para completar el proceso.<\/p>\n\n\n\n<p>En esa sesi\u00f3n, los diputados opositores aprobaron prorrogar el per\u00edodo de sesiones legislativas del 1 de noviembre de 2025 al 20 de enero de 2026, con el fin de evitar la instalaci\u00f3n de la Comisi\u00f3n Permanente, integrada \u00fanicamente por nueve legisladores.<\/p>\n\n\n\n<p>La parlamentaria destac\u00f3 que el procedimiento exige notificar a la junta directiva y entregar la documentaci\u00f3n a la Secretar\u00eda del Congreso, entidad encargada de recibir toda la correspondencia oficial.<\/p>\n","protected":false},"excerpt":{"rendered":"<p>La diputada del Partido Nacional, Merary D\u00edaz, anunci\u00f3 que este jueves volver\u00e1 a presentar ante la Secretar\u00eda del\u00a0Congreso Nacional\u00a0el acta de lo aprobado en la sesi\u00f3n autoconvocada por la oposici\u00f3n. D\u00edaz, quien fungi\u00f3 como secretaria durante la sesi\u00f3n extraordinaria del martes, explic\u00f3 que la guardia legislativa le impidi\u00f3 realizar el tr\u00e1mite el mi\u00e9rcoles por la [&hellip;]<\/p>\n","protected":false},"author":2,"featured_media":1635,"comment_status":"closed","ping_status":"open","sticky":false,"template":"","format":"standard","meta":{"_seopress_robots_primary_cat":"","_seopress_titles_title":"","_seopress_titles_desc":"","_seopress_robots_index":"","footnotes":""},"categories":[1],"tags":[],"class_list":["post-1634","post","type-post","status-publish","format-standard","has-post-thumbnail","hentry","category-sin-categoria"],"_links":{"self":[{"href":"https:\/\/girasolmultimedios.com\/portal\/wp-json\/wp\/v2\/posts\/1634","targetHints":{"allow":["GET"]}}],"collection":[{"href":"https:\/\/girasolmultimedios.com\/portal\/wp-json\/wp\/v2\/posts"}],"about":[{"href":"https:\/\/girasolmultimedios.com\/portal\/wp-json\/wp\/v2\/types\/post"}],"author":[{"embeddable":true,"href":"https:\/\/girasolmultimedios.com\/portal\/wp-json\/wp\/v2\/users\/2"}],"replies":[{"embeddable":true,"href":"https:\/\/girasolmultimedios.com\/portal\/wp-json\/wp\/v2\/comments?post=1634"}],"version-history":[{"count":1,"href":"https:\/\/girasolmultimedios.com\/portal\/wp-json\/wp\/v2\/posts\/1634\/revisions"}],"predecessor-version":[{"id":1636,"href":"https:\/\/girasolmultimedios.com\/portal\/wp-json\/wp\/v2\/posts\/1634\/revisions\/1636"}],"wp:featuredmedia":[{"embeddable":true,"href":"https:\/\/girasolmultimedios.com\/portal\/wp-json\/wp\/v2\/media\/1635"}],"wp:attachment":[{"href":"https:\/\/girasolmultimedios.com\/portal\/wp-json\/wp\/v2\/media?parent=1634"}],"wp:term":[{"taxonomy":"category","embeddable":true,"href":"https:\/\/girasolmultimedios.com\/portal\/wp-json\/wp\/v2\/categories?post=1634"},{"taxonomy":"post_tag","embeddable":true,"href":"https:\/\/girasolmultimedios.com\/portal\/wp-json\/wp\/v2\/tags?post=1634"}],"curies":[{"name":"wp","href":"https:\/\/api.w.org\/{rel}","templated":true}]}}