{"id":1653,"date":"2025-10-30T11:07:15","date_gmt":"2025-10-30T17:07:15","guid":{"rendered":"https:\/\/girasolmultimedios.com\/portal\/?p=1653"},"modified":"2025-10-30T11:07:15","modified_gmt":"2025-10-30T17:07:15","slug":"cierre-de-maquila-textiles-del-merendon-deja-sin-empleo-a-mas-de-mil-hondurenos","status":"publish","type":"post","link":"https:\/\/girasolmultimedios.com\/portal\/cierre-de-maquila-textiles-del-merendon-deja-sin-empleo-a-mas-de-mil-hondurenos\/","title":{"rendered":"Cierre de maquila textiles del Merend\u00f3n deja sin empleo a m\u00e1s de mil hondure\u00f1os"},"content":{"rendered":"\n<p>La maquila de textiles del Merend\u00f3n del grupo \u201cFruit of the Loom\u201d, ubicada en el sector de la Jutosa en el municipio de Choloma, departamento de Cort\u00e9s anunci\u00f3 cierre de operaciones y deja sin empleo a m\u00e1s de mil hondure\u00f1os.<\/p>\n\n\n\n<p>El presidente del sindicato de la maquila de textiles de Merend\u00f3n confirm\u00f3 que en reuni\u00f3n las autoridades de la empresa textil anunciaron la decisi\u00f3n a sus m\u00e1s de mil empleados.<\/p>\n\n\n\n<p>Asimismo, la empresa recalc\u00f3 que los ejecutivos prometieron a los empleados que a finales de noviembre pagar\u00e1n los derechos a sus colaboradores, adem\u00e1s se sostuvo que la empresa tambi\u00e9n podr\u00e1 en venta toda su maquinaria.<\/p>\n\n\n\n<p>El cierre de maquilas ha crecido en Honduras, de manera reciente, el secretario general de la Federaci\u00f3n Independiente de Trabajadores de Honduras, Joel L\u00f3pez, indic\u00f3 que debido al cierre de la empresa Hanes Brands en Villanueva, departamento de Cort\u00e9s, deja a 2,217 personas desempleadas en el pa\u00eds, a lo cual diversos sectores se han pronunciado preocupados ante esa situaci\u00f3n.<\/p>\n\n\n\n<p>\u201cEsta empresa cierra con, cierran 2,217 trabajadores, quedan cesantes, comienza un proceso de disminuci\u00f3n a partir de esta semana y terminando los \u00faltimos trabajadores en el mes de diciembre, lamentamos esta noticia porque nosotros lo vemos como una acci\u00f3n antisindical, ya que esta empresa cerr\u00f3 tres plantas tambi\u00e9n\u201d, zanj\u00f3 Joel L\u00f3pez.<\/p>\n\n\n\n<p>En ese sentido, mencion\u00f3 que, esta maquila decidi\u00f3 poner sus productos en otros pa\u00edses donde no tienen organizaci\u00f3n sindical, \u201cni tan siquiera los salarios son del nivel de Honduras, independientemente que, si tenemos problemas as\u00ed con la canasta b\u00e1sica y todo, pero Honduras tiene el mejor salario en la maquila a nivel de la regi\u00f3n centroamericana\u201d.&nbsp;<a href=\"https:\/\/www.hondudiario.com\/wp-content\/uploads\/2025\/01\/FotoJet-2025-01-29T085136.011-png.avif\"><\/a><\/p>\n","protected":false},"excerpt":{"rendered":"<p>La maquila de textiles del Merend\u00f3n del grupo \u201cFruit of the Loom\u201d, ubicada en el sector de la Jutosa en el municipio de Choloma, departamento de Cort\u00e9s anunci\u00f3 cierre de operaciones y deja sin empleo a m\u00e1s de mil hondure\u00f1os. El presidente del sindicato de la maquila de textiles de Merend\u00f3n confirm\u00f3 que en reuni\u00f3n [&hellip;]<\/p>\n","protected":false},"author":2,"featured_media":1654,"comment_status":"closed","ping_status":"open","sticky":false,"template":"","format":"standard","meta":{"_seopress_robots_primary_cat":"","_seopress_titles_title":"","_seopress_titles_desc":"","_seopress_robots_index":"","footnotes":""},"categories":[1],"tags":[],"class_list":["post-1653","post","type-post","status-publish","format-standard","has-post-thumbnail","hentry","category-sin-categoria"],"_links":{"self":[{"href":"https:\/\/girasolmultimedios.com\/portal\/wp-json\/wp\/v2\/posts\/1653","targetHints":{"allow":["GET"]}}],"collection":[{"href":"https:\/\/girasolmultimedios.com\/portal\/wp-json\/wp\/v2\/posts"}],"about":[{"href":"https:\/\/girasolmultimedios.com\/portal\/wp-json\/wp\/v2\/types\/post"}],"author":[{"embeddable":true,"href":"https:\/\/girasolmultimedios.com\/portal\/wp-json\/wp\/v2\/users\/2"}],"replies":[{"embeddable":true,"href":"https:\/\/girasolmultimedios.com\/portal\/wp-json\/wp\/v2\/comments?post=1653"}],"version-history":[{"count":1,"href":"https:\/\/girasolmultimedios.com\/portal\/wp-json\/wp\/v2\/posts\/1653\/revisions"}],"predecessor-version":[{"id":1655,"href":"https:\/\/girasolmultimedios.com\/portal\/wp-json\/wp\/v2\/posts\/1653\/revisions\/1655"}],"wp:featuredmedia":[{"embeddable":true,"href":"https:\/\/girasolmultimedios.com\/portal\/wp-json\/wp\/v2\/media\/1654"}],"wp:attachment":[{"href":"https:\/\/girasolmultimedios.com\/portal\/wp-json\/wp\/v2\/media?parent=1653"}],"wp:term":[{"taxonomy":"category","embeddable":true,"href":"https:\/\/girasolmultimedios.com\/portal\/wp-json\/wp\/v2\/categories?post=1653"},{"taxonomy":"post_tag","embeddable":true,"href":"https:\/\/girasolmultimedios.com\/portal\/wp-json\/wp\/v2\/tags?post=1653"}],"curies":[{"name":"wp","href":"https:\/\/api.w.org\/{rel}","templated":true}]}}