{"id":1671,"date":"2025-10-31T09:54:54","date_gmt":"2025-10-31T15:54:54","guid":{"rendered":"https:\/\/girasolmultimedios.com\/portal\/?p=1671"},"modified":"2025-10-31T09:54:54","modified_gmt":"2025-10-31T15:54:54","slug":"rescatan-a-una-menor-de-11-anos-luego-de-una-denuncia-por-maltrato-en-el-negrito-yoro","status":"publish","type":"post","link":"https:\/\/girasolmultimedios.com\/portal\/rescatan-a-una-menor-de-11-anos-luego-de-una-denuncia-por-maltrato-en-el-negrito-yoro\/","title":{"rendered":"Rescatan a una menor de 11 a\u00f1os luego de una denuncia por maltrato en El Negrito, Yoro."},"content":{"rendered":"\n<p>La Secretar\u00eda de la Ni\u00f1ez, Adolescencia y Familia (SENAF), en coordinaci\u00f3n con agentes de la Direcci\u00f3n Policial de Investigaci\u00f3n (DPI), rescat\u00f3 a una ni\u00f1a de 11 a\u00f1os en el municipio de El Negrito, Yoro, tras una denuncia p\u00fablica por presunto maltrato difundida en medios de comunicaci\u00f3n.<\/p>\n\n\n\n<p>La menor fue trasladada a un centro de protecci\u00f3n estatal, donde recibe atenci\u00f3n integral para salvaguardar su bienestar f\u00edsico y emocional.<\/p>\n\n\n\n<p>Por su parte, la madre de la ni\u00f1a fue detenida y puesta a disposici\u00f3n de las autoridades competentes para el proceso legal correspondiente.<\/p>\n\n\n\n<p>La SENAF resalt\u00f3 que la acci\u00f3n inmediata fue posible gracias a la colaboraci\u00f3n ciudadana y a la difusi\u00f3n de la denuncia por parte de los medios de comunicaci\u00f3n.<\/p>\n\n\n\n<p>Asimismo, la instituci\u00f3n exhort\u00f3 a la poblaci\u00f3n a reportar cualquier situaci\u00f3n que ponga en riesgo a ni\u00f1as, ni\u00f1os o adolescentes, a trav\u00e9s de las l\u00edneas de emergencia 110 o 911.<\/p>\n\n\n\n<p>\u201cLa protecci\u00f3n de la ni\u00f1ez es un deber de todos y debe mantenerse de forma constante\u201d, enfatiz\u00f3 la entidad.<\/p>\n","protected":false},"excerpt":{"rendered":"<p>La Secretar\u00eda de la Ni\u00f1ez, Adolescencia y Familia (SENAF), en coordinaci\u00f3n con agentes de la Direcci\u00f3n Policial de Investigaci\u00f3n (DPI), rescat\u00f3 a una ni\u00f1a de 11 a\u00f1os en el municipio de El Negrito, Yoro, tras una denuncia p\u00fablica por presunto maltrato difundida en medios de comunicaci\u00f3n. La menor fue trasladada a un centro de protecci\u00f3n [&hellip;]<\/p>\n","protected":false},"author":2,"featured_media":1672,"comment_status":"closed","ping_status":"open","sticky":false,"template":"","format":"standard","meta":{"_seopress_robots_primary_cat":"","_seopress_titles_title":"","_seopress_titles_desc":"","_seopress_robots_index":"","footnotes":""},"categories":[1],"tags":[],"class_list":["post-1671","post","type-post","status-publish","format-standard","has-post-thumbnail","hentry","category-sin-categoria"],"_links":{"self":[{"href":"https:\/\/girasolmultimedios.com\/portal\/wp-json\/wp\/v2\/posts\/1671","targetHints":{"allow":["GET"]}}],"collection":[{"href":"https:\/\/girasolmultimedios.com\/portal\/wp-json\/wp\/v2\/posts"}],"about":[{"href":"https:\/\/girasolmultimedios.com\/portal\/wp-json\/wp\/v2\/types\/post"}],"author":[{"embeddable":true,"href":"https:\/\/girasolmultimedios.com\/portal\/wp-json\/wp\/v2\/users\/2"}],"replies":[{"embeddable":true,"href":"https:\/\/girasolmultimedios.com\/portal\/wp-json\/wp\/v2\/comments?post=1671"}],"version-history":[{"count":1,"href":"https:\/\/girasolmultimedios.com\/portal\/wp-json\/wp\/v2\/posts\/1671\/revisions"}],"predecessor-version":[{"id":1673,"href":"https:\/\/girasolmultimedios.com\/portal\/wp-json\/wp\/v2\/posts\/1671\/revisions\/1673"}],"wp:featuredmedia":[{"embeddable":true,"href":"https:\/\/girasolmultimedios.com\/portal\/wp-json\/wp\/v2\/media\/1672"}],"wp:attachment":[{"href":"https:\/\/girasolmultimedios.com\/portal\/wp-json\/wp\/v2\/media?parent=1671"}],"wp:term":[{"taxonomy":"category","embeddable":true,"href":"https:\/\/girasolmultimedios.com\/portal\/wp-json\/wp\/v2\/categories?post=1671"},{"taxonomy":"post_tag","embeddable":true,"href":"https:\/\/girasolmultimedios.com\/portal\/wp-json\/wp\/v2\/tags?post=1671"}],"curies":[{"name":"wp","href":"https:\/\/api.w.org\/{rel}","templated":true}]}}