{"id":1699,"date":"2025-11-03T09:40:44","date_gmt":"2025-11-03T15:40:44","guid":{"rendered":"https:\/\/girasolmultimedios.com\/portal\/?p=1699"},"modified":"2025-11-03T10:26:53","modified_gmt":"2025-11-03T16:26:53","slug":"solo-me-dirigia-a-mi-casa-a-descansar-declara-el-principal-sospechoso-del-asesinato-de-jhonny-neptaly","status":"publish","type":"post","link":"https:\/\/girasolmultimedios.com\/portal\/solo-me-dirigia-a-mi-casa-a-descansar-declara-el-principal-sospechoso-del-asesinato-de-jhonny-neptaly\/","title":{"rendered":"\u201cSolo me dirig\u00eda a mi casa a descansar\u201d: declara el principal sospechoso del asesinato de Jhonny Neptaly"},"content":{"rendered":"\n<p>Con la voz temblorosa y evitando responder la mayor\u00eda de las preguntas, Fredy Arturo Sorto Ord\u00f3\u00f1ez, se\u00f1alado como el principal sospechoso del asesinato del peque\u00f1o Jhonny Neptaly G\u00f3mez V\u00e1squez, habl\u00f3 brevemente tras ser capturado en la aldea El Tabl\u00f3n, Distrito Central.<\/p>\n\n\n\n<p>\u201cYo solo iba a mi casa a descansar\u201d, fue lo \u00fanico que dijo ante los medios mientras era escoltado por agentes policiales rumbo a la Direcci\u00f3n Policial de Investigaciones (DPI), ubicada en la colonia Kennedy de Tegucigalpa.<\/p>\n\n\n\n<h3 class=\"wp-block-heading\">Detenci\u00f3n e investigaci\u00f3n<\/h3>\n\n\n\n<p>Sorto Ord\u00f3\u00f1ez, originario de Choluteca, fue detenido gracias a la colaboraci\u00f3n de los vecinos y a las grabaciones de c\u00e1maras de seguridad que lo mostraban caminando junto al menor momentos antes de su desaparici\u00f3n.<\/p>\n\n\n\n<p>El cuerpo del ni\u00f1o, de apenas siete a\u00f1os, fue hallado sin vida dentro de una bodega de reciclaje, envuelto en bolsas pl\u00e1sticas, en un crimen que ha causado gran indignaci\u00f3n en la poblaci\u00f3n hondure\u00f1a.<\/p>\n\n\n\n<p>Durante su traslado, el sospechoso neg\u00f3 cualquier participaci\u00f3n en el asesinato.<br>\u201cNo tengo nada que ver, solo \u00e9ramos compa\u00f1eros de trabajo. No voy a hablar\u201d, repiti\u00f3 varias veces mientras era llevado bajo estrictas medidas de seguridad.<\/p>\n\n\n\n<h3 class=\"wp-block-heading\">Antecedentes criminales<\/h3>\n\n\n\n<p>El comisario Rigoberto Osorio C\u00e1rcamo, jefe de la Unidad Metropolitana de Prevenci\u00f3n (UMEP) N.\u00ba 4, inform\u00f3 que Sorto ya hab\u00eda enfrentado un proceso judicial por el delito de violaci\u00f3n en Puerto Cort\u00e9s, obteniendo su libertad condicional en noviembre de 2014.<\/p>\n\n\n\n<p>\u201cEstos hechos podr\u00edan reflejar una conducta delictiva reincidente\u201d, se\u00f1al\u00f3 el jefe policial, quien adem\u00e1s revel\u00f3 que el detenido habr\u00eda admitido haber cometido otros delitos en la zona sur del pa\u00eds.<\/p>\n","protected":false},"excerpt":{"rendered":"<p>Con la voz temblorosa y evitando responder la mayor\u00eda de las preguntas, Fredy Arturo Sorto Ord\u00f3\u00f1ez, se\u00f1alado como el principal sospechoso del asesinato del peque\u00f1o Jhonny Neptaly G\u00f3mez V\u00e1squez, habl\u00f3 brevemente tras ser capturado en la aldea El Tabl\u00f3n, Distrito Central. \u201cYo solo iba a mi casa a descansar\u201d, fue lo \u00fanico que dijo ante [&hellip;]<\/p>\n","protected":false},"author":2,"featured_media":1700,"comment_status":"closed","ping_status":"open","sticky":false,"template":"","format":"standard","meta":{"_seopress_robots_primary_cat":"","_seopress_titles_title":"","_seopress_titles_desc":"","_seopress_robots_index":"","footnotes":""},"categories":[1],"tags":[],"class_list":["post-1699","post","type-post","status-publish","format-standard","has-post-thumbnail","hentry","category-sin-categoria"],"_links":{"self":[{"href":"https:\/\/girasolmultimedios.com\/portal\/wp-json\/wp\/v2\/posts\/1699","targetHints":{"allow":["GET"]}}],"collection":[{"href":"https:\/\/girasolmultimedios.com\/portal\/wp-json\/wp\/v2\/posts"}],"about":[{"href":"https:\/\/girasolmultimedios.com\/portal\/wp-json\/wp\/v2\/types\/post"}],"author":[{"embeddable":true,"href":"https:\/\/girasolmultimedios.com\/portal\/wp-json\/wp\/v2\/users\/2"}],"replies":[{"embeddable":true,"href":"https:\/\/girasolmultimedios.com\/portal\/wp-json\/wp\/v2\/comments?post=1699"}],"version-history":[{"count":2,"href":"https:\/\/girasolmultimedios.com\/portal\/wp-json\/wp\/v2\/posts\/1699\/revisions"}],"predecessor-version":[{"id":1726,"href":"https:\/\/girasolmultimedios.com\/portal\/wp-json\/wp\/v2\/posts\/1699\/revisions\/1726"}],"wp:featuredmedia":[{"embeddable":true,"href":"https:\/\/girasolmultimedios.com\/portal\/wp-json\/wp\/v2\/media\/1700"}],"wp:attachment":[{"href":"https:\/\/girasolmultimedios.com\/portal\/wp-json\/wp\/v2\/media?parent=1699"}],"wp:term":[{"taxonomy":"category","embeddable":true,"href":"https:\/\/girasolmultimedios.com\/portal\/wp-json\/wp\/v2\/categories?post=1699"},{"taxonomy":"post_tag","embeddable":true,"href":"https:\/\/girasolmultimedios.com\/portal\/wp-json\/wp\/v2\/tags?post=1699"}],"curies":[{"name":"wp","href":"https:\/\/api.w.org\/{rel}","templated":true}]}}