{"id":1702,"date":"2025-11-03T09:44:44","date_gmt":"2025-11-03T15:44:44","guid":{"rendered":"https:\/\/girasolmultimedios.com\/portal\/?p=1702"},"modified":"2025-11-03T10:27:08","modified_gmt":"2025-11-03T16:27:08","slug":"roberto-contreras-desmiente-haber-sido-allanado-y-asegura-estar-dispuesto-a-colaborar-con-una-investigacion-del-ministerio-publico","status":"publish","type":"post","link":"https:\/\/girasolmultimedios.com\/portal\/roberto-contreras-desmiente-haber-sido-allanado-y-asegura-estar-dispuesto-a-colaborar-con-una-investigacion-del-ministerio-publico\/","title":{"rendered":"Roberto Contreras desmiente haber sido allanado y asegura estar dispuesto a colaborar con una investigaci\u00f3n del Ministerio P\u00fablico"},"content":{"rendered":"\n<p>El alcalde de San Pedro Sula, Roberto Contreras, neg\u00f3 este lunes los rumores que circulaban en redes sociales sobre un supuesto allanamiento a su residencia por parte del Ministerio P\u00fablico (MP).<\/p>\n\n\n\n<p>Contreras explic\u00f3 que se encontraba en la alcald\u00eda municipal cuando recibi\u00f3 la alerta, por lo que se traslad\u00f3 a su hogar para acompa\u00f1ar a su esposa ante la posibilidad de que se ejecutara una acci\u00f3n judicial.<\/p>\n\n\n\n<p>\u201cEstamos a disposici\u00f3n del Ministerio P\u00fablico, del fiscal general y de la Corte Suprema de Justicia. Quien tenga que realizar la investigaci\u00f3n, que lo haga; no hay ning\u00fan inconveniente. Nuestros libros contables, propiedades y empresa est\u00e1n abiertos para revisi\u00f3n\u201d, manifest\u00f3 el edil.<\/p>\n\n\n\n<p>El alcalde aclar\u00f3 que solo vive con su esposa, ya que sus hijos son adultos y est\u00e1n casados, y que su vivienda no cuenta con guardias de seguridad.<\/p>\n\n\n\n<p>\u201cMi esposa est\u00e1 tranquila. Esta informaci\u00f3n lleg\u00f3 a mis o\u00eddos, pero no s\u00e9 de d\u00f3nde proviene\u201d, a\u00f1adi\u00f3.<\/p>\n\n\n\n<p>Contreras se\u00f1al\u00f3 que su apoderado legal le confirm\u00f3 que no existe ninguna orden judicial en su contra. \u201cPor ahora descartamos esa informaci\u00f3n falsa. Reitero: estamos disponibles para cualquier investigaci\u00f3n. No temo a ninguna indagaci\u00f3n\u201d, sostuvo.<\/p>\n\n\n\n<p>Asimismo, destac\u00f3 que su patrimonio es completamente legal, resultado de m\u00e1s de 25 a\u00f1os de trabajo empresarial. \u201cTodo lo que poseo lo he adquirido de manera legal, no tengo testaferros y el dinero de mi empresa est\u00e1 debidamente justificado. Nuestro equipo legal supervisa todo cuidadosamente\u201d, indic\u00f3.<\/p>\n\n\n\n<p>En cuanto al contexto pol\u00edtico, el alcalde reconoci\u00f3 la tensi\u00f3n del proceso electoral actual, pero hizo un llamado a la ciudadan\u00eda a participar en las elecciones del 30 de noviembre.<\/p>\n\n\n\n<p>\u201cNo estoy tranquilo, no por m\u00ed, sino por el pueblo hondure\u00f1o, que vive un proceso electoral complejo. Esperamos que la poblaci\u00f3n acuda masivamente a las urnas para demostrar la fuerza de nuestra democracia\u201d, concluy\u00f3.<\/p>\n","protected":false},"excerpt":{"rendered":"<p>El alcalde de San Pedro Sula, Roberto Contreras, neg\u00f3 este lunes los rumores que circulaban en redes sociales sobre un supuesto allanamiento a su residencia por parte del Ministerio P\u00fablico (MP). Contreras explic\u00f3 que se encontraba en la alcald\u00eda municipal cuando recibi\u00f3 la alerta, por lo que se traslad\u00f3 a su hogar para acompa\u00f1ar a [&hellip;]<\/p>\n","protected":false},"author":2,"featured_media":1703,"comment_status":"closed","ping_status":"open","sticky":false,"template":"","format":"standard","meta":{"_seopress_robots_primary_cat":"","_seopress_titles_title":"","_seopress_titles_desc":"","_seopress_robots_index":"","footnotes":""},"categories":[1],"tags":[],"class_list":["post-1702","post","type-post","status-publish","format-standard","has-post-thumbnail","hentry","category-sin-categoria"],"_links":{"self":[{"href":"https:\/\/girasolmultimedios.com\/portal\/wp-json\/wp\/v2\/posts\/1702","targetHints":{"allow":["GET"]}}],"collection":[{"href":"https:\/\/girasolmultimedios.com\/portal\/wp-json\/wp\/v2\/posts"}],"about":[{"href":"https:\/\/girasolmultimedios.com\/portal\/wp-json\/wp\/v2\/types\/post"}],"author":[{"embeddable":true,"href":"https:\/\/girasolmultimedios.com\/portal\/wp-json\/wp\/v2\/users\/2"}],"replies":[{"embeddable":true,"href":"https:\/\/girasolmultimedios.com\/portal\/wp-json\/wp\/v2\/comments?post=1702"}],"version-history":[{"count":2,"href":"https:\/\/girasolmultimedios.com\/portal\/wp-json\/wp\/v2\/posts\/1702\/revisions"}],"predecessor-version":[{"id":1727,"href":"https:\/\/girasolmultimedios.com\/portal\/wp-json\/wp\/v2\/posts\/1702\/revisions\/1727"}],"wp:featuredmedia":[{"embeddable":true,"href":"https:\/\/girasolmultimedios.com\/portal\/wp-json\/wp\/v2\/media\/1703"}],"wp:attachment":[{"href":"https:\/\/girasolmultimedios.com\/portal\/wp-json\/wp\/v2\/media?parent=1702"}],"wp:term":[{"taxonomy":"category","embeddable":true,"href":"https:\/\/girasolmultimedios.com\/portal\/wp-json\/wp\/v2\/categories?post=1702"},{"taxonomy":"post_tag","embeddable":true,"href":"https:\/\/girasolmultimedios.com\/portal\/wp-json\/wp\/v2\/tags?post=1702"}],"curies":[{"name":"wp","href":"https:\/\/api.w.org\/{rel}","templated":true}]}}