{"id":1708,"date":"2025-11-03T09:56:45","date_gmt":"2025-11-03T15:56:45","guid":{"rendered":"https:\/\/girasolmultimedios.com\/portal\/?p=1708"},"modified":"2025-11-03T10:27:40","modified_gmt":"2025-11-03T16:27:40","slug":"indignacion-en-el-tablon-tras-el-asesinato-del-nino-jhonny-neptaly-de-7-anos","status":"publish","type":"post","link":"https:\/\/girasolmultimedios.com\/portal\/indignacion-en-el-tablon-tras-el-asesinato-del-nino-jhonny-neptaly-de-7-anos\/","title":{"rendered":"Indignaci\u00f3n en El Tabl\u00f3n tras el asesinato del ni\u00f1o Jhonny Neptaly, de 7 a\u00f1os"},"content":{"rendered":"\n<p>La aldea El Tabl\u00f3n atraviesa momentos de profundo dolor tras el tr\u00e1gico asesinato del ni\u00f1o Jhonny Neptaly G\u00f3mez, de apenas siete a\u00f1os, cuyo cuerpo fue encontrado en una f\u00e1brica de reciclaje de pl\u00e1stico en la zona.<\/p>\n\n\n\n<p>Los restos del menor son velados por su familia, acompa\u00f1ada de vecinos, amigos y compa\u00f1eros de escuela, quienes recuerdan con cari\u00f1o su alegr\u00eda y energ\u00eda. La vivienda est\u00e1 envuelta en un ambiente de luto, indignaci\u00f3n y tristeza, mientras la comunidad exige justicia por un crimen que ha conmocionado a todo el pa\u00eds.<\/p>\n\n\n\n<h3 class=\"wp-block-heading\">\u00daltimo adi\u00f3s<\/h3>\n\n\n\n<p>Familiares, vecinos y amigos asistieron al velorio para despedir a Jhonny, estudiante de segundo grado de primaria. Entre l\u00e1grimas, su madre, do\u00f1a Carolina, relat\u00f3 que, al ver las im\u00e1genes del secuestro, confront\u00f3 a uno de los presuntos responsables para saber el paradero de su hijo.<\/p>\n\n\n\n<p>\u201cSolo quer\u00eda saber si estaba vivo\u201d, expres\u00f3 la madre, visiblemente afectada.<\/p>\n\n\n\n<h3 class=\"wp-block-heading\">Tres detenidos por el crimen<\/h3>\n\n\n\n<p>Seg\u00fan investigaciones preliminares, el menor fue enga\u00f1ado y conducido hasta la bodega de la f\u00e1brica recicladora, donde posteriormente fue asesinado. Las c\u00e1maras de seguridad registraron a Jhonny caminando junto a uno de los sospechosos hacia el lugar del crimen.<\/p>\n\n\n\n<p>La Polic\u00eda Nacional confirm\u00f3 la detenci\u00f3n de tres hombres presuntamente vinculados al caso, entre ellos Fredy Arturo Sorto Ord\u00f3\u00f1ez, identificado como el principal sospechoso.<\/p>\n\n\n\n<p>Las autoridades no descartan que el menor tambi\u00e9n haya sido v\u00edctima de agresi\u00f3n sexual, aunque esta hip\u00f3tesis sigue bajo investigaci\u00f3n y a la espera de los resultados de Medicina Forense.<\/p>\n\n\n\n<h3 class=\"wp-block-heading\">Una comunidad en duelo<\/h3>\n\n\n\n<p>El caso ha generado consternaci\u00f3n a nivel nacional, provocando indignaci\u00f3n y llamados de justicia. Diversos sectores sociales y organizaciones defensoras de la ni\u00f1ez han solicitado sanciones ejemplares y una respuesta firme del sistema judicial, para prevenir que hechos tan atroces se repitan.<\/p>\n\n\n\n<p>Mientras tanto, la comunidad de El Tabl\u00f3n acompa\u00f1a a la familia G\u00f3mez en medio de un dolor profundo que ha conmovido a todo el pa\u00eds.<\/p>\n","protected":false},"excerpt":{"rendered":"<p>La aldea El Tabl\u00f3n atraviesa momentos de profundo dolor tras el tr\u00e1gico asesinato del ni\u00f1o Jhonny Neptaly G\u00f3mez, de apenas siete a\u00f1os, cuyo cuerpo fue encontrado en una f\u00e1brica de reciclaje de pl\u00e1stico en la zona. Los restos del menor son velados por su familia, acompa\u00f1ada de vecinos, amigos y compa\u00f1eros de escuela, quienes recuerdan [&hellip;]<\/p>\n","protected":false},"author":2,"featured_media":1709,"comment_status":"closed","ping_status":"open","sticky":false,"template":"","format":"standard","meta":{"_seopress_robots_primary_cat":"","_seopress_titles_title":"","_seopress_titles_desc":"","_seopress_robots_index":"","footnotes":""},"categories":[1],"tags":[],"class_list":["post-1708","post","type-post","status-publish","format-standard","has-post-thumbnail","hentry","category-sin-categoria"],"_links":{"self":[{"href":"https:\/\/girasolmultimedios.com\/portal\/wp-json\/wp\/v2\/posts\/1708","targetHints":{"allow":["GET"]}}],"collection":[{"href":"https:\/\/girasolmultimedios.com\/portal\/wp-json\/wp\/v2\/posts"}],"about":[{"href":"https:\/\/girasolmultimedios.com\/portal\/wp-json\/wp\/v2\/types\/post"}],"author":[{"embeddable":true,"href":"https:\/\/girasolmultimedios.com\/portal\/wp-json\/wp\/v2\/users\/2"}],"replies":[{"embeddable":true,"href":"https:\/\/girasolmultimedios.com\/portal\/wp-json\/wp\/v2\/comments?post=1708"}],"version-history":[{"count":2,"href":"https:\/\/girasolmultimedios.com\/portal\/wp-json\/wp\/v2\/posts\/1708\/revisions"}],"predecessor-version":[{"id":1729,"href":"https:\/\/girasolmultimedios.com\/portal\/wp-json\/wp\/v2\/posts\/1708\/revisions\/1729"}],"wp:featuredmedia":[{"embeddable":true,"href":"https:\/\/girasolmultimedios.com\/portal\/wp-json\/wp\/v2\/media\/1709"}],"wp:attachment":[{"href":"https:\/\/girasolmultimedios.com\/portal\/wp-json\/wp\/v2\/media?parent=1708"}],"wp:term":[{"taxonomy":"category","embeddable":true,"href":"https:\/\/girasolmultimedios.com\/portal\/wp-json\/wp\/v2\/categories?post=1708"},{"taxonomy":"post_tag","embeddable":true,"href":"https:\/\/girasolmultimedios.com\/portal\/wp-json\/wp\/v2\/tags?post=1708"}],"curies":[{"name":"wp","href":"https:\/\/api.w.org\/{rel}","templated":true}]}}