{"id":1714,"date":"2025-11-03T10:10:22","date_gmt":"2025-11-03T16:10:22","guid":{"rendered":"https:\/\/girasolmultimedios.com\/portal\/?p=1714"},"modified":"2025-11-03T10:10:49","modified_gmt":"2025-11-03T16:10:49","slug":"instruyen-a-secretaria-general-del-cne-convocar-a-cossette-lopez","status":"publish","type":"post","link":"https:\/\/girasolmultimedios.com\/portal\/instruyen-a-secretaria-general-del-cne-convocar-a-cossette-lopez\/","title":{"rendered":"Instruyen a Secretaria General del CNE convocar a Cossette L\u00f3pez"},"content":{"rendered":"\n<p>La consejera presidenta del Consejo Nacional Electoral (CNE), Ana Paola Hall, instruy\u00f3 este domingo a la Secretar\u00eda General de la instituci\u00f3n convocar a una sesi\u00f3n de pleno extraordinaria para el lunes 3 de noviembre, a las 5:00 de la tarde, tras la decisi\u00f3n de la consejera Cossette L\u00f3pez Osorio de abstenerse de participar en el proceso de licitaci\u00f3n del transporte de material electoral.<\/p>\n\n\n\n<p>El oficio, identificado como Memorando CNE-P-999-2025, establece que la abstenci\u00f3n de la consejera no presenta una causal legal v\u00e1lida que justifique su ausencia.<\/p>\n\n\n\n<p>\u201cConsiderando que la consejera no expone causal legal alguna que justifique su excusa conforme a lo establecido en la normativa vigente, solicito que se gire la convocatoria correspondiente para integrar sesi\u00f3n extraordinaria del Pleno\u201d, se\u00f1ala el documento firmado por Hall.<\/p>\n\n\n\n<p>La sesi\u00f3n extraordinaria fue convocada para tratar el Proceso de Contrataci\u00f3n Especial CNE-PEG-UCCE-026-2025, relativo al servicio de transporte pesado para la distribuci\u00f3n y retorno de las maletas electorales, kits tecnol\u00f3gicos y otros materiales esenciales de cara a las elecciones generales de 2025.<\/p>\n","protected":false},"excerpt":{"rendered":"<p>La consejera presidenta del Consejo Nacional Electoral (CNE), Ana Paola Hall, instruy\u00f3 este domingo a la Secretar\u00eda General de la instituci\u00f3n convocar a una sesi\u00f3n de pleno extraordinaria para el lunes 3 de noviembre, a las 5:00 de la tarde, tras la decisi\u00f3n de la consejera Cossette L\u00f3pez Osorio de abstenerse de participar en el [&hellip;]<\/p>\n","protected":false},"author":2,"featured_media":1715,"comment_status":"closed","ping_status":"open","sticky":false,"template":"","format":"standard","meta":{"_seopress_robots_primary_cat":"","_seopress_titles_title":"","_seopress_titles_desc":"","_seopress_robots_index":"","footnotes":""},"categories":[1],"tags":[],"class_list":["post-1714","post","type-post","status-publish","format-standard","has-post-thumbnail","hentry","category-sin-categoria"],"_links":{"self":[{"href":"https:\/\/girasolmultimedios.com\/portal\/wp-json\/wp\/v2\/posts\/1714","targetHints":{"allow":["GET"]}}],"collection":[{"href":"https:\/\/girasolmultimedios.com\/portal\/wp-json\/wp\/v2\/posts"}],"about":[{"href":"https:\/\/girasolmultimedios.com\/portal\/wp-json\/wp\/v2\/types\/post"}],"author":[{"embeddable":true,"href":"https:\/\/girasolmultimedios.com\/portal\/wp-json\/wp\/v2\/users\/2"}],"replies":[{"embeddable":true,"href":"https:\/\/girasolmultimedios.com\/portal\/wp-json\/wp\/v2\/comments?post=1714"}],"version-history":[{"count":1,"href":"https:\/\/girasolmultimedios.com\/portal\/wp-json\/wp\/v2\/posts\/1714\/revisions"}],"predecessor-version":[{"id":1716,"href":"https:\/\/girasolmultimedios.com\/portal\/wp-json\/wp\/v2\/posts\/1714\/revisions\/1716"}],"wp:featuredmedia":[{"embeddable":true,"href":"https:\/\/girasolmultimedios.com\/portal\/wp-json\/wp\/v2\/media\/1715"}],"wp:attachment":[{"href":"https:\/\/girasolmultimedios.com\/portal\/wp-json\/wp\/v2\/media?parent=1714"}],"wp:term":[{"taxonomy":"category","embeddable":true,"href":"https:\/\/girasolmultimedios.com\/portal\/wp-json\/wp\/v2\/categories?post=1714"},{"taxonomy":"post_tag","embeddable":true,"href":"https:\/\/girasolmultimedios.com\/portal\/wp-json\/wp\/v2\/tags?post=1714"}],"curies":[{"name":"wp","href":"https:\/\/api.w.org\/{rel}","templated":true}]}}