{"id":1730,"date":"2025-11-04T09:29:27","date_gmt":"2025-11-04T15:29:27","guid":{"rendered":"https:\/\/girasolmultimedios.com\/portal\/?p=1730"},"modified":"2025-11-04T09:29:28","modified_gmt":"2025-11-04T15:29:28","slug":"roberto-contreras-denuncia-ser-victima-de-persecucion-politica-y-alerta-sobre-un-posible-requerimiento-fiscal-en-su-contra","status":"publish","type":"post","link":"https:\/\/girasolmultimedios.com\/portal\/roberto-contreras-denuncia-ser-victima-de-persecucion-politica-y-alerta-sobre-un-posible-requerimiento-fiscal-en-su-contra\/","title":{"rendered":"Roberto Contreras denuncia ser v\u00edctima de persecuci\u00f3n pol\u00edtica y alerta sobre un posible requerimiento fiscal en su contra."},"content":{"rendered":"\n<p>El alcalde de San Pedro Sula, Roberto Contreras, denunci\u00f3 que el Ministerio P\u00fablico prepara un requerimiento fiscal en su contra, afirmando ser v\u00edctima de persecuci\u00f3n pol\u00edtica.<\/p>\n\n\n\n<p>\u201cDesde este momento me declaro perseguido pol\u00edtico por parte de Mel Zelaya, Rixi Moncada, Johel Zelaya y Luis Redondo. Hago esta denuncia a nivel nacional e internacional\u201d, expres\u00f3 el edil sampedrano.<\/p>\n\n\n\n<p>Contreras advirti\u00f3 que en los pr\u00f3ximos d\u00edas podr\u00eda emitirse un requerimiento fiscal con orden de captura en su contra, se\u00f1alando que los cargos ser\u00edan por narcotr\u00e1fico o lavado de activos. Seg\u00fan explic\u00f3, esas son las \u00fanicas figuras que no requieren un antejuicio al tratarse de un funcionario de elecci\u00f3n popular.<\/p>\n\n\n\n<p>El alcalde tambi\u00e9n denunci\u00f3 que el Partido Liberal se ha quedado sin fondos para su campa\u00f1a pol\u00edtica, ya que \u2014seg\u00fan dijo\u2014 el pr\u00e9stamo solicitado por la instituci\u00f3n no ha sido aprobado y \u00e9l figura como su representante legal.<\/p>\n\n\n\n<p>Agreg\u00f3 que el Ministerio P\u00fablico podr\u00eda proceder a incautar sus propiedades, cerrar su empresa \u201cPower Chicken\u201d, dejando sin empleo a m\u00e1s de 200 trabajadores, y confiscar los recursos destinados a su campa\u00f1a para la reelecci\u00f3n en la alcald\u00eda sampedrana.<\/p>\n\n\n\n<h3 class=\"wp-block-heading\">\u201cEl oficialismo no quiere elecciones\u201d<\/h3>\n\n\n\n<p>Contreras sostuvo que el expresidente Manuel Zelaya busca impedir los comicios porque, a su juicio, teme una derrota. \u201cSu plan se viene abajo con Rixi Moncada\u201d, afirm\u00f3, agregando que \u201cJohel Zelaya estar\u00eda presentando requerimientos fiscales contra Cossette L\u00f3pez basados en audios falsos\u201d.<\/p>\n\n\n\n<h3 class=\"wp-block-heading\">\u201cMe quedar\u00e9 esperando en mi oficina\u201d<\/h3>\n\n\n\n<p>El alcalde manifest\u00f3 que permanecer\u00e1 en su despacho de la Alcald\u00eda Municipal a la espera de cualquier acci\u00f3n del Ministerio P\u00fablico.<\/p>\n\n\n\n<p>\u201cVoy a movilizar dos mil, tres mil, cinco mil o hasta diez mil personas para esperar al Ministerio P\u00fablico en mi oficina y que vengan a capturarme\u201d, advirti\u00f3.<\/p>\n\n\n\n<p>Finalmente, Contreras asegur\u00f3 que las acciones en su contra buscan despojarlo de sus bienes, su empresa, las propiedades de sus hijos y afectar a los 200 empleados que dependen de su negocio.<\/p>\n","protected":false},"excerpt":{"rendered":"<p>El alcalde de San Pedro Sula, Roberto Contreras, denunci\u00f3 que el Ministerio P\u00fablico prepara un requerimiento fiscal en su contra, afirmando ser v\u00edctima de persecuci\u00f3n pol\u00edtica. \u201cDesde este momento me declaro perseguido pol\u00edtico por parte de Mel Zelaya, Rixi Moncada, Johel Zelaya y Luis Redondo. Hago esta denuncia a nivel nacional e internacional\u201d, expres\u00f3 el [&hellip;]<\/p>\n","protected":false},"author":2,"featured_media":1731,"comment_status":"closed","ping_status":"open","sticky":false,"template":"","format":"standard","meta":{"_seopress_robots_primary_cat":"","_seopress_titles_title":"","_seopress_titles_desc":"","_seopress_robots_index":"","footnotes":""},"categories":[1],"tags":[],"class_list":["post-1730","post","type-post","status-publish","format-standard","has-post-thumbnail","hentry","category-sin-categoria"],"_links":{"self":[{"href":"https:\/\/girasolmultimedios.com\/portal\/wp-json\/wp\/v2\/posts\/1730","targetHints":{"allow":["GET"]}}],"collection":[{"href":"https:\/\/girasolmultimedios.com\/portal\/wp-json\/wp\/v2\/posts"}],"about":[{"href":"https:\/\/girasolmultimedios.com\/portal\/wp-json\/wp\/v2\/types\/post"}],"author":[{"embeddable":true,"href":"https:\/\/girasolmultimedios.com\/portal\/wp-json\/wp\/v2\/users\/2"}],"replies":[{"embeddable":true,"href":"https:\/\/girasolmultimedios.com\/portal\/wp-json\/wp\/v2\/comments?post=1730"}],"version-history":[{"count":1,"href":"https:\/\/girasolmultimedios.com\/portal\/wp-json\/wp\/v2\/posts\/1730\/revisions"}],"predecessor-version":[{"id":1732,"href":"https:\/\/girasolmultimedios.com\/portal\/wp-json\/wp\/v2\/posts\/1730\/revisions\/1732"}],"wp:featuredmedia":[{"embeddable":true,"href":"https:\/\/girasolmultimedios.com\/portal\/wp-json\/wp\/v2\/media\/1731"}],"wp:attachment":[{"href":"https:\/\/girasolmultimedios.com\/portal\/wp-json\/wp\/v2\/media?parent=1730"}],"wp:term":[{"taxonomy":"category","embeddable":true,"href":"https:\/\/girasolmultimedios.com\/portal\/wp-json\/wp\/v2\/categories?post=1730"},{"taxonomy":"post_tag","embeddable":true,"href":"https:\/\/girasolmultimedios.com\/portal\/wp-json\/wp\/v2\/tags?post=1730"}],"curies":[{"name":"wp","href":"https:\/\/api.w.org\/{rel}","templated":true}]}}