{"id":1733,"date":"2025-11-04T09:33:31","date_gmt":"2025-11-04T15:33:31","guid":{"rendered":"https:\/\/girasolmultimedios.com\/portal\/?p=1733"},"modified":"2025-11-04T11:37:06","modified_gmt":"2025-11-04T17:37:06","slug":"la-oposicion-llama-a-una-sesion-extraordinaria-en-el-congreso-nacional","status":"publish","type":"post","link":"https:\/\/girasolmultimedios.com\/portal\/la-oposicion-llama-a-una-sesion-extraordinaria-en-el-congreso-nacional\/","title":{"rendered":"La oposici\u00f3n llama a una sesi\u00f3n extraordinaria en el Congreso Nacional"},"content":{"rendered":"\n<p>La diputada del Partido Nacional, Merary D\u00edaz, anunci\u00f3 este martes que las fuerzas de oposici\u00f3n convocaron a una sesi\u00f3n extraordinaria del Congreso Nacional para hoy, 4 de noviembre, a las 3:00 de la tarde. La convocatoria surge como una medida de protesta ante lo que califican como el incumplimiento del mandato de 70 diputados que solicitaron la extensi\u00f3n del per\u00edodo de sesiones.<\/p>\n\n\n\n<p>D\u00edaz, quien se desempe\u00f1\u00f3 como secretaria en la sesi\u00f3n extraordinaria realizada la semana anterior, consider\u00f3 ilegal la conformaci\u00f3n de la Comisi\u00f3n Permanente impulsada por la junta directiva del Poder Legislativo.<\/p>\n\n\n\n<p>Adem\u00e1s, se\u00f1al\u00f3 que para deducir responsabilidades se debe recurrir a las instituciones competentes, incluyendo el Ministerio P\u00fablico, a fin de investigar las actuaciones de la actual directiva del Congreso.<\/p>\n\n\n\n<p>Cabe destacar que el pleno del Congreso Nacional no ha sesionado desde el 27 de agosto, situaci\u00f3n que mantiene detenidas m\u00faltiples iniciativas legislativas y acuerdos pol\u00edticos en el pa\u00eds.<\/p>\n","protected":false},"excerpt":{"rendered":"<p>La diputada del Partido Nacional, Merary D\u00edaz, anunci\u00f3 este martes que las fuerzas de oposici\u00f3n convocaron a una sesi\u00f3n extraordinaria del Congreso Nacional para hoy, 4 de noviembre, a las 3:00 de la tarde. La convocatoria surge como una medida de protesta ante lo que califican como el incumplimiento del mandato de 70 diputados que [&hellip;]<\/p>\n","protected":false},"author":2,"featured_media":1734,"comment_status":"closed","ping_status":"open","sticky":false,"template":"","format":"standard","meta":{"_seopress_robots_primary_cat":"","_seopress_titles_title":"","_seopress_titles_desc":"","_seopress_robots_index":"","footnotes":""},"categories":[1],"tags":[],"class_list":["post-1733","post","type-post","status-publish","format-standard","has-post-thumbnail","hentry","category-sin-categoria"],"_links":{"self":[{"href":"https:\/\/girasolmultimedios.com\/portal\/wp-json\/wp\/v2\/posts\/1733","targetHints":{"allow":["GET"]}}],"collection":[{"href":"https:\/\/girasolmultimedios.com\/portal\/wp-json\/wp\/v2\/posts"}],"about":[{"href":"https:\/\/girasolmultimedios.com\/portal\/wp-json\/wp\/v2\/types\/post"}],"author":[{"embeddable":true,"href":"https:\/\/girasolmultimedios.com\/portal\/wp-json\/wp\/v2\/users\/2"}],"replies":[{"embeddable":true,"href":"https:\/\/girasolmultimedios.com\/portal\/wp-json\/wp\/v2\/comments?post=1733"}],"version-history":[{"count":2,"href":"https:\/\/girasolmultimedios.com\/portal\/wp-json\/wp\/v2\/posts\/1733\/revisions"}],"predecessor-version":[{"id":1762,"href":"https:\/\/girasolmultimedios.com\/portal\/wp-json\/wp\/v2\/posts\/1733\/revisions\/1762"}],"wp:featuredmedia":[{"embeddable":true,"href":"https:\/\/girasolmultimedios.com\/portal\/wp-json\/wp\/v2\/media\/1734"}],"wp:attachment":[{"href":"https:\/\/girasolmultimedios.com\/portal\/wp-json\/wp\/v2\/media?parent=1733"}],"wp:term":[{"taxonomy":"category","embeddable":true,"href":"https:\/\/girasolmultimedios.com\/portal\/wp-json\/wp\/v2\/categories?post=1733"},{"taxonomy":"post_tag","embeddable":true,"href":"https:\/\/girasolmultimedios.com\/portal\/wp-json\/wp\/v2\/tags?post=1733"}],"curies":[{"name":"wp","href":"https:\/\/api.w.org\/{rel}","templated":true}]}}