{"id":1739,"date":"2025-11-04T09:41:36","date_gmt":"2025-11-04T15:41:36","guid":{"rendered":"https:\/\/girasolmultimedios.com\/portal\/?p=1739"},"modified":"2025-11-04T09:41:36","modified_gmt":"2025-11-04T15:41:36","slug":"como-funcionaba-la-organizacion-en-la-que-fueron-detenidos-17-hondurenos-en-el-salvador","status":"publish","type":"post","link":"https:\/\/girasolmultimedios.com\/portal\/como-funcionaba-la-organizacion-en-la-que-fueron-detenidos-17-hondurenos-en-el-salvador\/","title":{"rendered":"\u00bfC\u00f3mo funcionaba la organizaci\u00f3n en la que fueron detenidos 17 hondure\u00f1os en El Salvador?"},"content":{"rendered":"\n<p>El gobierno de El Salvador anunci\u00f3 la detenci\u00f3n de 37 personas vinculadas a una organizaci\u00f3n delictiva conocida como \u201cCarterista\u201d, dedicada al robo de tel\u00e9fonos celulares en el transporte p\u00fablico. Entre los capturados se encuentran 17 hondure\u00f1os, 11 salvadore\u00f1os, 8 nicarag\u00fcenses y un guatemalteco.<\/p>\n\n\n\n<p>Seg\u00fan la Fiscal\u00eda General de la Rep\u00fablica (FGR), la red operaba principalmente en las rutas de San Salvador, Santa Ana, San Miguel y La Libertad. Los integrantes actuaban de manera coordinada para sustraer los tel\u00e9fonos y luego venderlos en el centro de la capital salvadore\u00f1a.<\/p>\n\n\n\n<p>\u201cTrabajaban en conjunto para robar celulares dentro de las unidades del transporte p\u00fablico y posteriormente comercializarlos en el centro de San Salvador. La estructura era liderada por dos ciudadanos nicarag\u00fcenses\u201d, detall\u00f3 el fiscal general, Rodolfo Delgado.<\/p>\n\n\n\n<p>Las investigaciones iniciadas en 2024 determinaron que los delincuentes se organizaban en grupos de entre dos y cinco personas. Abordaban los autobuses con mochilas grandes, pagaban su pasaje y aprovechaban momentos de distracci\u00f3n para abrir bolsos o bolsillos y sustraer pertenencias antes de escapar r\u00e1pidamente.<\/p>\n\n\n\n<p>El director de Migraci\u00f3n y Extranjer\u00eda, Ricardo Cucal\u00f3n, inform\u00f3 que los detenidos permanec\u00edan en el pa\u00eds de forma irregular, ingresando por puntos ciegos o haci\u00e9ndose pasar por turistas en los pasos fronterizos de El Amatillo, San Crist\u00f3bal y El Poy.<\/p>\n\n\n\n<p>La FGR emiti\u00f3 28 \u00f3rdenes de captura el 31 de octubre, logrando arrestos en hoteles, colonias y comunidades de la calle Concepci\u00f3n. Durante los operativos se decomisaron tel\u00e9fonos celulares, dinero en efectivo, un arma de fuego, recibos de transferencias y varios dispositivos electr\u00f3nicos.<\/p>\n\n\n\n<p>Las autoridades salvadore\u00f1as indicaron que los implicados enfrentar\u00e1n cargos por hurto, receptaci\u00f3n y asociaci\u00f3n il\u00edcita, mientras se coordinan con las instituciones migratorias de los pa\u00edses vecinos para dar seguimiento a los procesos correspondientes.<\/p>\n","protected":false},"excerpt":{"rendered":"<p>El gobierno de El Salvador anunci\u00f3 la detenci\u00f3n de 37 personas vinculadas a una organizaci\u00f3n delictiva conocida como \u201cCarterista\u201d, dedicada al robo de tel\u00e9fonos celulares en el transporte p\u00fablico. Entre los capturados se encuentran 17 hondure\u00f1os, 11 salvadore\u00f1os, 8 nicarag\u00fcenses y un guatemalteco. Seg\u00fan la Fiscal\u00eda General de la Rep\u00fablica (FGR), la red operaba principalmente [&hellip;]<\/p>\n","protected":false},"author":2,"featured_media":1740,"comment_status":"closed","ping_status":"open","sticky":false,"template":"","format":"standard","meta":{"_seopress_robots_primary_cat":"","_seopress_titles_title":"","_seopress_titles_desc":"","_seopress_robots_index":"","footnotes":""},"categories":[1],"tags":[],"class_list":["post-1739","post","type-post","status-publish","format-standard","has-post-thumbnail","hentry","category-sin-categoria"],"_links":{"self":[{"href":"https:\/\/girasolmultimedios.com\/portal\/wp-json\/wp\/v2\/posts\/1739","targetHints":{"allow":["GET"]}}],"collection":[{"href":"https:\/\/girasolmultimedios.com\/portal\/wp-json\/wp\/v2\/posts"}],"about":[{"href":"https:\/\/girasolmultimedios.com\/portal\/wp-json\/wp\/v2\/types\/post"}],"author":[{"embeddable":true,"href":"https:\/\/girasolmultimedios.com\/portal\/wp-json\/wp\/v2\/users\/2"}],"replies":[{"embeddable":true,"href":"https:\/\/girasolmultimedios.com\/portal\/wp-json\/wp\/v2\/comments?post=1739"}],"version-history":[{"count":1,"href":"https:\/\/girasolmultimedios.com\/portal\/wp-json\/wp\/v2\/posts\/1739\/revisions"}],"predecessor-version":[{"id":1741,"href":"https:\/\/girasolmultimedios.com\/portal\/wp-json\/wp\/v2\/posts\/1739\/revisions\/1741"}],"wp:featuredmedia":[{"embeddable":true,"href":"https:\/\/girasolmultimedios.com\/portal\/wp-json\/wp\/v2\/media\/1740"}],"wp:attachment":[{"href":"https:\/\/girasolmultimedios.com\/portal\/wp-json\/wp\/v2\/media?parent=1739"}],"wp:term":[{"taxonomy":"category","embeddable":true,"href":"https:\/\/girasolmultimedios.com\/portal\/wp-json\/wp\/v2\/categories?post=1739"},{"taxonomy":"post_tag","embeddable":true,"href":"https:\/\/girasolmultimedios.com\/portal\/wp-json\/wp\/v2\/tags?post=1739"}],"curies":[{"name":"wp","href":"https:\/\/api.w.org\/{rel}","templated":true}]}}