{"id":1751,"date":"2025-11-04T10:13:12","date_gmt":"2025-11-04T16:13:12","guid":{"rendered":"https:\/\/girasolmultimedios.com\/portal\/?p=1751"},"modified":"2025-11-04T11:38:11","modified_gmt":"2025-11-04T17:38:11","slug":"miembro-de-la-comunidad-lgtbiq-es-asesinado-a-golpes","status":"publish","type":"post","link":"https:\/\/girasolmultimedios.com\/portal\/miembro-de-la-comunidad-lgtbiq-es-asesinado-a-golpes\/","title":{"rendered":"Miembro de la comunidad LGTBIQ es asesinado a golpes"},"content":{"rendered":"\n<p>Un miembro de la comunidad LGTBIQ fue asesinado a golpes por sujetos desconocidos que, la ma\u00f1ana de este lunes, ingresaron a una vivienda en el barrio Barandillas de San Pedro Sula, Cort\u00e9s, en el norte de Honduras.<\/p>\n\n\n\n<p>La v\u00edctima, identificada como H\u00e9ctor Carballo R\u00edos, de 40 a\u00f1os, perdi\u00f3 la vida a causa de la agresi\u00f3n, seg\u00fan confirmaron las autoridades policiales presentes en el lugar.<\/p>\n\n\n\n<p>Se inform\u00f3 que Carballo R\u00edos no contaba con familiares cercanos, ya que fue criado en las Aldeas SOS, por lo que su entorno estaba conformado principalmente por amigos y vecinos, sin una red familiar s\u00f3lida.<\/p>\n\n\n\n<p>Vecinos describieron a la v\u00edctima como una persona tranquila que nunca generaba conflictos.<\/p>\n\n\n\n<p>La Polic\u00eda inici\u00f3 de inmediato las investigaciones para determinar las causas del crimen. Hasta la tarde de hoy no se ha esclarecido si el ataque estuvo motivado por conflictos personales, discriminaci\u00f3n u otra raz\u00f3n.<\/p>\n\n\n\n<p>El hecho ha generado alarma en la comunidad y entre organizaciones defensoras de los derechos humanos debido a la brutalidad con la que fue atacado.<\/p>\n","protected":false},"excerpt":{"rendered":"<p>Un miembro de la comunidad LGTBIQ fue asesinado a golpes por sujetos desconocidos que, la ma\u00f1ana de este lunes, ingresaron a una vivienda en el barrio Barandillas de San Pedro Sula, Cort\u00e9s, en el norte de Honduras. La v\u00edctima, identificada como H\u00e9ctor Carballo R\u00edos, de 40 a\u00f1os, perdi\u00f3 la vida a causa de la agresi\u00f3n, [&hellip;]<\/p>\n","protected":false},"author":2,"featured_media":1752,"comment_status":"closed","ping_status":"open","sticky":false,"template":"","format":"standard","meta":{"_seopress_robots_primary_cat":"","_seopress_titles_title":"","_seopress_titles_desc":"","_seopress_robots_index":"","footnotes":""},"categories":[1],"tags":[],"class_list":["post-1751","post","type-post","status-publish","format-standard","has-post-thumbnail","hentry","category-sin-categoria"],"_links":{"self":[{"href":"https:\/\/girasolmultimedios.com\/portal\/wp-json\/wp\/v2\/posts\/1751","targetHints":{"allow":["GET"]}}],"collection":[{"href":"https:\/\/girasolmultimedios.com\/portal\/wp-json\/wp\/v2\/posts"}],"about":[{"href":"https:\/\/girasolmultimedios.com\/portal\/wp-json\/wp\/v2\/types\/post"}],"author":[{"embeddable":true,"href":"https:\/\/girasolmultimedios.com\/portal\/wp-json\/wp\/v2\/users\/2"}],"replies":[{"embeddable":true,"href":"https:\/\/girasolmultimedios.com\/portal\/wp-json\/wp\/v2\/comments?post=1751"}],"version-history":[{"count":2,"href":"https:\/\/girasolmultimedios.com\/portal\/wp-json\/wp\/v2\/posts\/1751\/revisions"}],"predecessor-version":[{"id":1766,"href":"https:\/\/girasolmultimedios.com\/portal\/wp-json\/wp\/v2\/posts\/1751\/revisions\/1766"}],"wp:featuredmedia":[{"embeddable":true,"href":"https:\/\/girasolmultimedios.com\/portal\/wp-json\/wp\/v2\/media\/1752"}],"wp:attachment":[{"href":"https:\/\/girasolmultimedios.com\/portal\/wp-json\/wp\/v2\/media?parent=1751"}],"wp:term":[{"taxonomy":"category","embeddable":true,"href":"https:\/\/girasolmultimedios.com\/portal\/wp-json\/wp\/v2\/categories?post=1751"},{"taxonomy":"post_tag","embeddable":true,"href":"https:\/\/girasolmultimedios.com\/portal\/wp-json\/wp\/v2\/tags?post=1751"}],"curies":[{"name":"wp","href":"https:\/\/api.w.org\/{rel}","templated":true}]}}