{"id":1754,"date":"2025-11-04T10:20:13","date_gmt":"2025-11-04T16:20:13","guid":{"rendered":"https:\/\/girasolmultimedios.com\/portal\/?p=1754"},"modified":"2025-11-04T11:38:25","modified_gmt":"2025-11-04T17:38:25","slug":"realizan-velada-comunitaria-en-celebracion-del-dia-de-los-difuntos","status":"publish","type":"post","link":"https:\/\/girasolmultimedios.com\/portal\/realizan-velada-comunitaria-en-celebracion-del-dia-de-los-difuntos\/","title":{"rendered":"Realizan velada comunitaria en celebraci\u00f3n del D\u00eda de los Difuntos"},"content":{"rendered":"\n<p><em><strong>MARCALA, La Paz.<\/strong><\/em>&nbsp;En un ambiente de profundo respeto y uni\u00f3n comunitaria, la alcaldesa municipal de Marcala, Ana Luc\u00eda Castro, llev\u00f3 a cabo la clausura de la velada de conmemoraci\u00f3n \u201cRecu\u00e9rdame, y Vivir\u00e9 para Siempre\u201d, el pasado 2 de noviembre, en el Cementerio General de esta ciudad.<\/p>\n\n\n\n<p>El evento, que reuni\u00f3 a un gran n\u00famero de ciudadanos y familias marcalinas, se convirti\u00f3 en un testimonio de amor, fe y esperanza, en honor a la memoria de quienes permanecen vivos en los corazones de sus seres queridos.<\/p>\n\n\n\n<p>La curiosa actividad destac\u00f3 por su impresionante iluminaci\u00f3n y su atm\u00f3sfera solemne, que invit\u00f3 al recogimiento y a la reflexi\u00f3n colectiva.<\/p>\n\n\n\n<p>Por su parte, Castro expres\u00f3 que este tipo de actividades fortalecen el tejido social y promueven la preservaci\u00f3n de las tradiciones que dan identidad y sentido de pertenencia al pueblo de Marcala.<\/p>\n\n\n\n<p>\u201cAgradecemos a todos los que participaron e hicieron posible este espacio de encuentro y memoria, donde la comunidad se une para honrar a quienes ya partieron\u201d, expres\u00f3 la edil.<\/p>\n\n\n\n<p>La jornada culmin\u00f3 con un sentimiento compartido de paz y esperanza, reafirmando que la fe y la memoria contin\u00faan vivas en Marcala, as\u00ed como el compromiso de sus habitantes con la convivencia, el respeto y la preservaci\u00f3n de los valores que los distinguen.<\/p>\n","protected":false},"excerpt":{"rendered":"<p>MARCALA, La Paz.&nbsp;En un ambiente de profundo respeto y uni\u00f3n comunitaria, la alcaldesa municipal de Marcala, Ana Luc\u00eda Castro, llev\u00f3 a cabo la clausura de la velada de conmemoraci\u00f3n \u201cRecu\u00e9rdame, y Vivir\u00e9 para Siempre\u201d, el pasado 2 de noviembre, en el Cementerio General de esta ciudad. El evento, que reuni\u00f3 a un gran n\u00famero de [&hellip;]<\/p>\n","protected":false},"author":2,"featured_media":1755,"comment_status":"closed","ping_status":"open","sticky":false,"template":"","format":"standard","meta":{"_seopress_robots_primary_cat":"","_seopress_titles_title":"","_seopress_titles_desc":"","_seopress_robots_index":"","footnotes":""},"categories":[1],"tags":[],"class_list":["post-1754","post","type-post","status-publish","format-standard","has-post-thumbnail","hentry","category-sin-categoria"],"_links":{"self":[{"href":"https:\/\/girasolmultimedios.com\/portal\/wp-json\/wp\/v2\/posts\/1754","targetHints":{"allow":["GET"]}}],"collection":[{"href":"https:\/\/girasolmultimedios.com\/portal\/wp-json\/wp\/v2\/posts"}],"about":[{"href":"https:\/\/girasolmultimedios.com\/portal\/wp-json\/wp\/v2\/types\/post"}],"author":[{"embeddable":true,"href":"https:\/\/girasolmultimedios.com\/portal\/wp-json\/wp\/v2\/users\/2"}],"replies":[{"embeddable":true,"href":"https:\/\/girasolmultimedios.com\/portal\/wp-json\/wp\/v2\/comments?post=1754"}],"version-history":[{"count":2,"href":"https:\/\/girasolmultimedios.com\/portal\/wp-json\/wp\/v2\/posts\/1754\/revisions"}],"predecessor-version":[{"id":1767,"href":"https:\/\/girasolmultimedios.com\/portal\/wp-json\/wp\/v2\/posts\/1754\/revisions\/1767"}],"wp:featuredmedia":[{"embeddable":true,"href":"https:\/\/girasolmultimedios.com\/portal\/wp-json\/wp\/v2\/media\/1755"}],"wp:attachment":[{"href":"https:\/\/girasolmultimedios.com\/portal\/wp-json\/wp\/v2\/media?parent=1754"}],"wp:term":[{"taxonomy":"category","embeddable":true,"href":"https:\/\/girasolmultimedios.com\/portal\/wp-json\/wp\/v2\/categories?post=1754"},{"taxonomy":"post_tag","embeddable":true,"href":"https:\/\/girasolmultimedios.com\/portal\/wp-json\/wp\/v2\/tags?post=1754"}],"curies":[{"name":"wp","href":"https:\/\/api.w.org\/{rel}","templated":true}]}}