{"id":1785,"date":"2025-11-05T07:20:00","date_gmt":"2025-11-05T13:20:00","guid":{"rendered":"https:\/\/girasolmultimedios.com\/portal\/?p=1785"},"modified":"2025-11-05T07:20:02","modified_gmt":"2025-11-05T13:20:02","slug":"sheinbaum-es-acosada-por-un-hombre-durante-un-recorrido-a-pie-en-ciudad-de-mexico","status":"publish","type":"post","link":"https:\/\/girasolmultimedios.com\/portal\/sheinbaum-es-acosada-por-un-hombre-durante-un-recorrido-a-pie-en-ciudad-de-mexico\/","title":{"rendered":"Sheinbaum es acosada por un hombre durante un recorrido a pie en Ciudad de M\u00e9xico"},"content":{"rendered":"\n<p>Un hombre acos\u00f3 y toc\u00f3 sin su consentimiento a la presidenta de M\u00e9xico, Claudia Sheinbaum, cuando la mandataria caminaba y saludaba a ciudadanos este martes en un corto recorrido a pie por el centro hist\u00f3rico, a unos metros de Palacio Nacional, en la capital mexicana.<\/p>\n\n\n\n<p>Al sujeto, aparentemente ebrio y quien intent\u00f3 besar por la espalda a la mandataria, lo detuvo el equipo de seguridad de la presidenta mexicana que, seg\u00fan videos, se mostr\u00f3 tensa tras el episodio.<\/p>\n\n\n\n<p>Sheinbaum\u00a0ten\u00eda previsto que asistir a la primera reuni\u00f3n nacional de Universidades e Instituciones de Educaci\u00f3n Superior en las instalaciones de la Secretar\u00eda de Educaci\u00f3n P\u00fablica (SEP) por lo que decidi\u00f3 trasladarse a pie, ya que se encuentra a unas calles de Palacio Nacional.<\/p>\n\n\n\n<p>Fue en ese trayecto en el bullicioso centro de Ciudad de M\u00e9xico cuando el hombre, aprovechando que otros ciudadanos saludaban a la mandataria, se le acerc\u00f3, intent\u00f3 besarla en el cuello y luego abrazarla por la espalda.<\/p>\n\n\n\n<h2 class=\"wp-block-heading\" id=\"h-las-cifras-del-acoso-en-mexico\">Las cifras del acoso en M\u00e9xico<\/h2>\n\n\n\n<p>El porcentaje de mujeres en M\u00e9xico que han vivido acoso sexual, manoseo, exhibicionismo o intento de violaci\u00f3n es del 15,5 %, cinco veces mayor que el de los hombres, 3,2 %, seg\u00fan una encuesta de 2024 del Instituto Nacional de Estad\u00edstica y Geograf\u00eda (Inegi).<\/p>\n\n\n\n<p>M\u00e1s del 70 % de las mexicanas mayores de 15 a\u00f1os han vivido al menos un tipo de violencia, como psicol\u00f3gica (52 %), f\u00edsica (35 %) o sexual (48 %), seg\u00fan datos del Inegi.<\/p>\n\n\n\n<p>No obstante, organizaciones y autoridades estiman un subregistro o \u2018cifra negra\u2019 de m\u00e1s del 90 % por casos que no se denuncian. EFE<\/p>\n\n\n\n<p><\/p>\n","protected":false},"excerpt":{"rendered":"<p>Un hombre acos\u00f3 y toc\u00f3 sin su consentimiento a la presidenta de M\u00e9xico, Claudia Sheinbaum, cuando la mandataria caminaba y saludaba a ciudadanos este martes en un corto recorrido a pie por el centro hist\u00f3rico, a unos metros de Palacio Nacional, en la capital mexicana. Al sujeto, aparentemente ebrio y quien intent\u00f3 besar por la [&hellip;]<\/p>\n","protected":false},"author":2,"featured_media":1786,"comment_status":"closed","ping_status":"open","sticky":false,"template":"","format":"standard","meta":{"_seopress_robots_primary_cat":"","_seopress_titles_title":"","_seopress_titles_desc":"","_seopress_robots_index":"","footnotes":""},"categories":[45],"tags":[276],"class_list":["post-1785","post","type-post","status-publish","format-standard","has-post-thumbnail","hentry","category-internacionales","tag-mexico-2"],"_links":{"self":[{"href":"https:\/\/girasolmultimedios.com\/portal\/wp-json\/wp\/v2\/posts\/1785","targetHints":{"allow":["GET"]}}],"collection":[{"href":"https:\/\/girasolmultimedios.com\/portal\/wp-json\/wp\/v2\/posts"}],"about":[{"href":"https:\/\/girasolmultimedios.com\/portal\/wp-json\/wp\/v2\/types\/post"}],"author":[{"embeddable":true,"href":"https:\/\/girasolmultimedios.com\/portal\/wp-json\/wp\/v2\/users\/2"}],"replies":[{"embeddable":true,"href":"https:\/\/girasolmultimedios.com\/portal\/wp-json\/wp\/v2\/comments?post=1785"}],"version-history":[{"count":1,"href":"https:\/\/girasolmultimedios.com\/portal\/wp-json\/wp\/v2\/posts\/1785\/revisions"}],"predecessor-version":[{"id":1787,"href":"https:\/\/girasolmultimedios.com\/portal\/wp-json\/wp\/v2\/posts\/1785\/revisions\/1787"}],"wp:featuredmedia":[{"embeddable":true,"href":"https:\/\/girasolmultimedios.com\/portal\/wp-json\/wp\/v2\/media\/1786"}],"wp:attachment":[{"href":"https:\/\/girasolmultimedios.com\/portal\/wp-json\/wp\/v2\/media?parent=1785"}],"wp:term":[{"taxonomy":"category","embeddable":true,"href":"https:\/\/girasolmultimedios.com\/portal\/wp-json\/wp\/v2\/categories?post=1785"},{"taxonomy":"post_tag","embeddable":true,"href":"https:\/\/girasolmultimedios.com\/portal\/wp-json\/wp\/v2\/tags?post=1785"}],"curies":[{"name":"wp","href":"https:\/\/api.w.org\/{rel}","templated":true}]}}