{"id":1791,"date":"2025-11-05T09:18:59","date_gmt":"2025-11-05T15:18:59","guid":{"rendered":"https:\/\/girasolmultimedios.com\/portal\/?p=1791"},"modified":"2025-11-05T09:18:59","modified_gmt":"2025-11-05T15:18:59","slug":"estado-del-tiempo-para-hoy-miercoles-5-de-noviembre","status":"publish","type":"post","link":"https:\/\/girasolmultimedios.com\/portal\/estado-del-tiempo-para-hoy-miercoles-5-de-noviembre\/","title":{"rendered":"Estado del tiempo para hoy mi\u00e9rcoles 5 de noviembre"},"content":{"rendered":"\n<p>La\u00a0Secretar\u00eda de Gesti\u00f3n de Riesgos y Contingencias (Copeco), inform\u00f3 que el estado del tiempo para este d\u00eda tendr\u00e1 precipitaciones d\u00e9biles y chubascos en la mayor parte del pa\u00eds.<\/p>\n\n\n\n<p>Seg\u00fan el meteor\u00f3logo Jeffrey Flores, los vientos provenientes del mar Caribe provocar\u00e1n estas condiciones, que tendr\u00e1 mayores acumulados en la regi\u00f3n norte y oriente de Honduras.<\/p>\n\n\n\n<p>Asimismo, se\u00f1al\u00f3 que estas condiciones estar\u00e1n influenciadas por la humedad que proviene del Caribe, manteniendo un ambiente ligeramente inestable en varias zonas del pa\u00eds.<\/p>\n\n\n\n<p>Para Tegucigalpa, se pron\u00f3stica una m\u00e1xima de 26\u00b0C y una m\u00ednima de 18\u00b0C<\/p>\n\n\n\n<p>Este es el estado del tiempo por regiones.<\/p>\n\n\n\n<ul class=\"wp-block-list\">\n<li>Norte: m\u00e1xima de 30\u00b0C y m\u00ednima de 21\u00b0C<\/li>\n\n\n\n<li>Sur: m\u00e1xima de 34\u00b0C y m\u00ednima de 24\u00b0C<\/li>\n\n\n\n<li>Central: m\u00e1xima de 30\u00b0C y m\u00ednima de 19\u00b0C<\/li>\n\n\n\n<li>Oriental: m\u00e1xima de 30\u00b0C y m\u00ednima de 22\u00b0C<\/li>\n\n\n\n<li>Occidental: m\u00e1xima de 31\u00b0C y m\u00ednima de 14\u00b0C<\/li>\n\n\n\n<li>Insular: m\u00e1xima de 28\u00b0C y m\u00ednima de 26\u00b0C<\/li>\n<\/ul>\n","protected":false},"excerpt":{"rendered":"<p>La\u00a0Secretar\u00eda de Gesti\u00f3n de Riesgos y Contingencias (Copeco), inform\u00f3 que el estado del tiempo para este d\u00eda tendr\u00e1 precipitaciones d\u00e9biles y chubascos en la mayor parte del pa\u00eds. Seg\u00fan el meteor\u00f3logo Jeffrey Flores, los vientos provenientes del mar Caribe provocar\u00e1n estas condiciones, que tendr\u00e1 mayores acumulados en la regi\u00f3n norte y oriente de Honduras. Asimismo, [&hellip;]<\/p>\n","protected":false},"author":2,"featured_media":1792,"comment_status":"closed","ping_status":"open","sticky":false,"template":"","format":"standard","meta":{"_seopress_robots_primary_cat":"","_seopress_titles_title":"","_seopress_titles_desc":"","_seopress_robots_index":"","footnotes":""},"categories":[32],"tags":[],"class_list":["post-1791","post","type-post","status-publish","format-standard","has-post-thumbnail","hentry","category-clima"],"_links":{"self":[{"href":"https:\/\/girasolmultimedios.com\/portal\/wp-json\/wp\/v2\/posts\/1791","targetHints":{"allow":["GET"]}}],"collection":[{"href":"https:\/\/girasolmultimedios.com\/portal\/wp-json\/wp\/v2\/posts"}],"about":[{"href":"https:\/\/girasolmultimedios.com\/portal\/wp-json\/wp\/v2\/types\/post"}],"author":[{"embeddable":true,"href":"https:\/\/girasolmultimedios.com\/portal\/wp-json\/wp\/v2\/users\/2"}],"replies":[{"embeddable":true,"href":"https:\/\/girasolmultimedios.com\/portal\/wp-json\/wp\/v2\/comments?post=1791"}],"version-history":[{"count":1,"href":"https:\/\/girasolmultimedios.com\/portal\/wp-json\/wp\/v2\/posts\/1791\/revisions"}],"predecessor-version":[{"id":1793,"href":"https:\/\/girasolmultimedios.com\/portal\/wp-json\/wp\/v2\/posts\/1791\/revisions\/1793"}],"wp:featuredmedia":[{"embeddable":true,"href":"https:\/\/girasolmultimedios.com\/portal\/wp-json\/wp\/v2\/media\/1792"}],"wp:attachment":[{"href":"https:\/\/girasolmultimedios.com\/portal\/wp-json\/wp\/v2\/media?parent=1791"}],"wp:term":[{"taxonomy":"category","embeddable":true,"href":"https:\/\/girasolmultimedios.com\/portal\/wp-json\/wp\/v2\/categories?post=1791"},{"taxonomy":"post_tag","embeddable":true,"href":"https:\/\/girasolmultimedios.com\/portal\/wp-json\/wp\/v2\/tags?post=1791"}],"curies":[{"name":"wp","href":"https:\/\/api.w.org\/{rel}","templated":true}]}}