{"id":1847,"date":"2025-11-06T09:58:00","date_gmt":"2025-11-06T15:58:00","guid":{"rendered":"https:\/\/girasolmultimedios.com\/portal\/?p=1847"},"modified":"2025-11-06T09:58:01","modified_gmt":"2025-11-06T15:58:01","slug":"el-hurto-de-energia-causa-perdidas-de-l8-mil-millones","status":"publish","type":"post","link":"https:\/\/girasolmultimedios.com\/portal\/el-hurto-de-energia-causa-perdidas-de-l8-mil-millones\/","title":{"rendered":"El hurto de energ\u00eda causa p\u00e9rdidas de L8 mil millones"},"content":{"rendered":"\n<p>El hurto de energ\u00eda el\u00e9ctrica provoca al pa\u00eds p\u00e9rdidas anuales de hasta 8 mil millones de lempiras, seg\u00fan el representante del sector energ\u00e9tico, Samuel Rodr\u00edguez, aunque reconoci\u00f3 que durante la transici\u00f3n de gobierno los \u00edndices han disminuido levemente.<\/p>\n\n\n\n<p>La estatal el\u00e9ctrica ha enfrentado p\u00e9rdidas t\u00e9cnicas que es la energ\u00eda que se pierde de forma natural en la transmisi\u00f3n y distribuci\u00f3n el\u00e9ctrica, principalmente por la resistencia de cables y transformadores, mientras que las no t\u00e9cnicas son el robo de energ\u00eda, fraude y errores en la facturaci\u00f3n y medici\u00f3n. Ambas son un problema para la Empresa Nacional de Energ\u00eda El\u00e9ctrica (ENEE) y representan la diferencia entre la energ\u00eda generada y la facturada.<\/p>\n\n\n\n<p>En ese contexto, Samuel Rodr\u00edguez explic\u00f3 que actualmente las p\u00e9rdidas alcanzan el 34 por ciento del total de la energ\u00eda, y que m\u00e1s de la mitad de ese porcentaje corresponde a robos cometidos por usuarios de clase media y alta.<\/p>\n\n\n\n<p>\u201cNo son los pobres ni la gente de los bordos; son personas de residenciales que pagan para adulterar su medidor y as\u00ed mantener su aire acondicionado encendido todo el d\u00eda pagando apenas 500 lempiras\u201d, se\u00f1al\u00f3.<\/p>\n","protected":false},"excerpt":{"rendered":"<p>El hurto de energ\u00eda el\u00e9ctrica provoca al pa\u00eds p\u00e9rdidas anuales de hasta 8 mil millones de lempiras, seg\u00fan el representante del sector energ\u00e9tico, Samuel Rodr\u00edguez, aunque reconoci\u00f3 que durante la transici\u00f3n de gobierno los \u00edndices han disminuido levemente. La estatal el\u00e9ctrica ha enfrentado p\u00e9rdidas t\u00e9cnicas que es la energ\u00eda que se pierde de forma natural [&hellip;]<\/p>\n","protected":false},"author":2,"featured_media":1848,"comment_status":"closed","ping_status":"open","sticky":false,"template":"","format":"standard","meta":{"_seopress_robots_primary_cat":"","_seopress_titles_title":"","_seopress_titles_desc":"","_seopress_robots_index":"","footnotes":""},"categories":[1],"tags":[],"class_list":["post-1847","post","type-post","status-publish","format-standard","has-post-thumbnail","hentry","category-sin-categoria"],"_links":{"self":[{"href":"https:\/\/girasolmultimedios.com\/portal\/wp-json\/wp\/v2\/posts\/1847","targetHints":{"allow":["GET"]}}],"collection":[{"href":"https:\/\/girasolmultimedios.com\/portal\/wp-json\/wp\/v2\/posts"}],"about":[{"href":"https:\/\/girasolmultimedios.com\/portal\/wp-json\/wp\/v2\/types\/post"}],"author":[{"embeddable":true,"href":"https:\/\/girasolmultimedios.com\/portal\/wp-json\/wp\/v2\/users\/2"}],"replies":[{"embeddable":true,"href":"https:\/\/girasolmultimedios.com\/portal\/wp-json\/wp\/v2\/comments?post=1847"}],"version-history":[{"count":1,"href":"https:\/\/girasolmultimedios.com\/portal\/wp-json\/wp\/v2\/posts\/1847\/revisions"}],"predecessor-version":[{"id":1849,"href":"https:\/\/girasolmultimedios.com\/portal\/wp-json\/wp\/v2\/posts\/1847\/revisions\/1849"}],"wp:featuredmedia":[{"embeddable":true,"href":"https:\/\/girasolmultimedios.com\/portal\/wp-json\/wp\/v2\/media\/1848"}],"wp:attachment":[{"href":"https:\/\/girasolmultimedios.com\/portal\/wp-json\/wp\/v2\/media?parent=1847"}],"wp:term":[{"taxonomy":"category","embeddable":true,"href":"https:\/\/girasolmultimedios.com\/portal\/wp-json\/wp\/v2\/categories?post=1847"},{"taxonomy":"post_tag","embeddable":true,"href":"https:\/\/girasolmultimedios.com\/portal\/wp-json\/wp\/v2\/tags?post=1847"}],"curies":[{"name":"wp","href":"https:\/\/api.w.org\/{rel}","templated":true}]}}