{"id":1853,"date":"2025-11-06T10:03:53","date_gmt":"2025-11-06T16:03:53","guid":{"rendered":"https:\/\/girasolmultimedios.com\/portal\/?p=1853"},"modified":"2025-11-06T10:03:54","modified_gmt":"2025-11-06T16:03:54","slug":"anabel-gallardo-hace-un-llamado-al-pueblo-hondureno-a-participar-masivamente-en-las-proximas-elecciones-generales","status":"publish","type":"post","link":"https:\/\/girasolmultimedios.com\/portal\/anabel-gallardo-hace-un-llamado-al-pueblo-hondureno-a-participar-masivamente-en-las-proximas-elecciones-generales\/","title":{"rendered":"Anabel Gallardo hace un llamado al pueblo hondure\u00f1o a participar masivamente en las pr\u00f3ximas Elecciones Generales."},"content":{"rendered":"\n<p>La presidenta del <strong>Consejo Hondure\u00f1o de la Empresa Privada (Cohep)<\/strong>, <strong>Anabel Gallardo<\/strong>, hizo un llamado a los ciudadanos a participar de manera masiva en las <strong>Elecciones Generales del pr\u00f3ximo 30 de noviembre<\/strong>.<\/p>\n\n\n\n<p>Gallardo destac\u00f3 la importancia de vivir el proceso electoral como una <strong>verdadera fiesta c\u00edvica<\/strong>, invitando a la poblaci\u00f3n a <strong>no temer y acudir a emitir su voto<\/strong>. Sobre las movilizaciones anunciadas en la capital, se\u00f1al\u00f3 que espera que se desarrollen de manera <strong>pac\u00edfica<\/strong>, reforzando as\u00ed la defensa de la democracia.<\/p>\n\n\n\n<p>Asimismo, afirm\u00f3 que el <strong>n\u00famero de electores indecisos<\/strong> ha disminuido considerablemente hasta la fecha, seg\u00fan su percepci\u00f3n.<\/p>\n\n\n\n<p>En cuanto al <strong>ambiente pol\u00edtico actual<\/strong>, la presidenta del Cohep expres\u00f3 preocupaci\u00f3n porque la situaci\u00f3n transmite un <strong>mensaje negativo a nivel nacional<\/strong>, lo que podr\u00eda afectar la <strong>inversi\u00f3n en el pa\u00eds<\/strong>.<\/p>\n","protected":false},"excerpt":{"rendered":"<p>La presidenta del Consejo Hondure\u00f1o de la Empresa Privada (Cohep), Anabel Gallardo, hizo un llamado a los ciudadanos a participar de manera masiva en las Elecciones Generales del pr\u00f3ximo 30 de noviembre. Gallardo destac\u00f3 la importancia de vivir el proceso electoral como una verdadera fiesta c\u00edvica, invitando a la poblaci\u00f3n a no temer y acudir [&hellip;]<\/p>\n","protected":false},"author":2,"featured_media":1854,"comment_status":"closed","ping_status":"open","sticky":false,"template":"","format":"standard","meta":{"_seopress_robots_primary_cat":"","_seopress_titles_title":"","_seopress_titles_desc":"","_seopress_robots_index":"","footnotes":""},"categories":[23],"tags":[],"class_list":["post-1853","post","type-post","status-publish","format-standard","has-post-thumbnail","hentry","category-nacionales"],"_links":{"self":[{"href":"https:\/\/girasolmultimedios.com\/portal\/wp-json\/wp\/v2\/posts\/1853","targetHints":{"allow":["GET"]}}],"collection":[{"href":"https:\/\/girasolmultimedios.com\/portal\/wp-json\/wp\/v2\/posts"}],"about":[{"href":"https:\/\/girasolmultimedios.com\/portal\/wp-json\/wp\/v2\/types\/post"}],"author":[{"embeddable":true,"href":"https:\/\/girasolmultimedios.com\/portal\/wp-json\/wp\/v2\/users\/2"}],"replies":[{"embeddable":true,"href":"https:\/\/girasolmultimedios.com\/portal\/wp-json\/wp\/v2\/comments?post=1853"}],"version-history":[{"count":1,"href":"https:\/\/girasolmultimedios.com\/portal\/wp-json\/wp\/v2\/posts\/1853\/revisions"}],"predecessor-version":[{"id":1855,"href":"https:\/\/girasolmultimedios.com\/portal\/wp-json\/wp\/v2\/posts\/1853\/revisions\/1855"}],"wp:featuredmedia":[{"embeddable":true,"href":"https:\/\/girasolmultimedios.com\/portal\/wp-json\/wp\/v2\/media\/1854"}],"wp:attachment":[{"href":"https:\/\/girasolmultimedios.com\/portal\/wp-json\/wp\/v2\/media?parent=1853"}],"wp:term":[{"taxonomy":"category","embeddable":true,"href":"https:\/\/girasolmultimedios.com\/portal\/wp-json\/wp\/v2\/categories?post=1853"},{"taxonomy":"post_tag","embeddable":true,"href":"https:\/\/girasolmultimedios.com\/portal\/wp-json\/wp\/v2\/tags?post=1853"}],"curies":[{"name":"wp","href":"https:\/\/api.w.org\/{rel}","templated":true}]}}