{"id":1864,"date":"2025-11-06T12:38:20","date_gmt":"2025-11-06T18:38:20","guid":{"rendered":"https:\/\/girasolmultimedios.com\/portal\/?p=1864"},"modified":"2025-11-06T12:39:22","modified_gmt":"2025-11-06T18:39:22","slug":"la-union-europea-llega-a-la-cop30-con-un-pacto-para-reducir-un-90-sus-emisiones-en-2040","status":"publish","type":"post","link":"https:\/\/girasolmultimedios.com\/portal\/la-union-europea-llega-a-la-cop30-con-un-pacto-para-reducir-un-90-sus-emisiones-en-2040\/","title":{"rendered":"La Uni\u00f3n Europea llega a la COP30 con un pacto para reducir un 90 % sus emisiones en 2040"},"content":{"rendered":"\n<p><strong>\u00a0<\/strong>Con los Estados Unidos de Donald Trump en retirada del Acuerdo de Par\u00eds y un apetito global menguante por la descarbonizaci\u00f3n, la Uni\u00f3n Europea (UE) llega a la cumbre COP30 de Brasil con un acuerdo para reducir sus emisiones de CO2 en un 90 % en 2040 respecto a 1990, que quiere usar como palanca para reactivar el compromiso internacional contra el cambio clim\u00e1tico.<\/p>\n\n\n\n<p>\u00abTendremos completa unidad dentro de la Uni\u00f3n Europea y un mandato excepcionalmente fuerte que tambi\u00e9n nos permitir\u00e1 pedir m\u00e1s a otros, dado que nos enfrentamos a un problema internacional\u00bb, dijo este mi\u00e9rcoles el comisario europeo de Acci\u00f3n Clim\u00e1tica, Wopke Hoekstra.<\/p>\n\n\n\n<p>El comisario neerland\u00e9s habl\u00f3 en rueda de prensa sin dormir, despu\u00e9s de que los Veintisiete sellaran un dif\u00edcil pacto tras casi 24 horas de negociaciones en Bruselas.<\/p>\n\n\n\n<p>El objetivo de 2040 act\u00faa como puente entre el 55 % de 2030 y la neutralidad de 2050 y permitir\u00e1 formalizar ante la ONU el compromiso de recortar entre el 66,25 % y el 72,5 % en 2035.<\/p>\n\n\n\n<p><strong>La meta fijada por los Veintisiete para 2040, que a\u00fan debe negociarse con el Parlamento Europeo<\/strong>, mantiene el emblem\u00e1tico recorte del 90 %, pero suaviza su consecuci\u00f3n con numerosas flexibilidades para los Estados miembros, preocupados por la competitividad europea.<\/p>\n\n\n\n<figure class=\"wp-block-embed is-type-rich is-provider-twitter wp-block-embed-twitter\"><div class=\"wp-block-embed__wrapper\">\n<blockquote class=\"twitter-tweet\" data-width=\"550\" data-dnt=\"true\"><p lang=\"en\" dir=\"ltr\">\u203c\ufe0f <a href=\"https:\/\/twitter.com\/EUCouncil?ref_src=twsrc%5Etfw\">@EUCouncil<\/a> agreed on a binding 90% emissions reduction target by 2040, as part of the EU\u2019s path to climate neutrality by 2050 \ud83c\udf0d<br><br>The target goes hand in hand with both \ud83c\uddea\ud83c\uddfa competitiveness and just transition, ensuring support for EU citizens &amp; industries.<br><br>More here \u2b07\ufe0f<\/p>&mdash; EU Council Press (@EUCouncilPress) <a href=\"https:\/\/twitter.com\/EUCouncilPress\/status\/1986059422922351069?ref_src=twsrc%5Etfw\">November 5, 2025<\/a><\/blockquote><script async src=\"https:\/\/platform.twitter.com\/widgets.js\" charset=\"utf-8\"><\/script>\n<\/div><\/figure>\n\n\n\n<p>La Comisi\u00f3n Europea entiende que las&nbsp;<strong>flexibilidades aportan pragmatismo a las pol\u00edticas de una Uni\u00f3n Europea que sigue liderando la descarbonizaci\u00f3n<\/strong>, pese a que s\u00f3lo es responsable del 6 % de las emisiones globales.<\/p>\n\n\n\n<p>\u00abInvitamos a todos los dem\u00e1s a sumarse a la UE en esta ambici\u00f3n porque necesitamos que otros hagan m\u00e1s. No tienen que hacerlo por nosotros, tienen que hacerlo por todos\u00bb, agreg\u00f3 Hoekstra, quien asegur\u00f3 que s\u00f3lo el Reino Unido tiene planes clim\u00e1ticos m\u00e1s ambiciosos, con un 65 % en 2030 y un 81 % en 2035.<\/p>\n\n\n\n<h2 class=\"wp-block-heading\" id=\"h-ecologistas-ven-el-acuerdo-como-decepcionante\">Ecologistas ven el acuerdo como \u00abdecepcionante\u00bb<\/h2>\n\n\n\n<p>Las organizaciones ecologistas se muestran menos optimistas. La Red de Acci\u00f3n Clim\u00e1tica considera el acuerdo \u00abdecepcionante\u00bb porque la flexibilidad \u00abdebilita el n\u00facleo de la ambici\u00f3n clim\u00e1tica europea\u00bb y Greenpeace avisa de que \u00abactuar a medias en materia clim\u00e1tica es profundamente irresponsable\u00bb.<\/p>\n\n\n\n<p>Otros analistas, en cambio, creen que es \u00abuna reducci\u00f3n brutal (\u2026), un trallazo\u00bb, dice a EFE un t\u00e9cnico diplom\u00e1tico, que agrega que el compromiso confirma una \u00abdin\u00e1mica imparable\u00bb de las pol\u00edticas clim\u00e1ticas.<\/p>\n\n\n\n<p>\u00abEnv\u00eda una se\u00f1al largamente esperada a los inversores, las empresas y los socios internacionales de que la UE no seguir\u00e1 la tendencia marcada al otro lado del Atl\u00e1ntico\u00bb, se\u00f1ala el director del centro de pensamiento Strategic Perspectives, Neil Makaroff.<\/p>\n\n\n\n<p>\u00abEs irreversible\u00bb, apunta otra fuente europea, que recuerda que \u00abhace 20 a\u00f1os se instalaba 1 gigavatio de capacidad solar al a\u00f1o, mientras que ahora el mundo instala 2 gigavatios al d\u00eda\u00bb.<\/p>\n\n\n\n<h2 class=\"wp-block-heading\" id=\"h-prioridades\">Prioridades<\/h2>\n\n\n\n<p>La Comisi\u00f3n quiere que la COP30 sirva para que la comunidad internacional reconozca que hay una \u00abbrecha\u00bb entre objetivos y resultados y que la direcci\u00f3n es \u00abcorrecta\u00bb, pero el progreso \u00abno es suficiente\u00bb.<\/p>\n\n\n\n<p>\u00abNo se negociar\u00e1 el nivel de ambici\u00f3n, sino sobre la ambici\u00f3n en la implementaci\u00f3n\u00bb para cerrar ese agujero, que proyecta un aumento de m\u00e1s de 3 grados a final de siglo.<\/p>\n\n\n\n<p>Con los planes actuales, la ONU estima que se reducir\u00edan las emisiones entre un 11 y un 20 % en 2035, mientras que el recorte deber\u00eda ser del 60 % para mantener vivo el objetivo de 1,5 grados.<\/p>\n\n\n\n<h2 class=\"wp-block-heading\" id=\"h-trump-china-el-dinero-y-el-precio-al-carbono\">Trump, China, el dinero y el precio al carbono<\/h2>\n\n\n\n<p>Hasta que apareci\u00f3 Trump, Washington y Bruselas eran aliados en clima. Pero la relaci\u00f3n ha cambiado tanto que la Comisi\u00f3n ahora se conforma con que&nbsp;<strong>\u00abEstados Unidos, responsable del 11 % del CO2 planetario<\/strong>, no obstruya que el mundo progrese en su acci\u00f3n clim\u00e1tica\u00bb.<\/p>\n\n\n\n<p>Los equilibrios con Pek\u00edn son diferentes. Bruselas habr\u00eda querido que China, que aporta el 30 % del CO2, entregara unas metas m\u00e1s agresivas, pero considera al gigante asi\u00e1tico un socio con el que colaborar.<\/p>\n\n\n\n<p>\u00abChina ha dicho que su estrategia es \u2018prometer de menos y cumplir de m\u00e1s\u2019, y queremos ayudarles con el \u2018cumplir de m\u00e1s&#8217;\u00bb, ironiza un negociador.<\/p>\n\n\n\n<p>La&nbsp;<strong>financiaci\u00f3n&nbsp;<\/strong>para ayudar a los pa\u00edses en desarrollo ser\u00e1 otro de los puntos calientes en Brasil.<\/p>\n\n\n\n<p>\u00abLa UE est\u00e1 haciendo m\u00e1s que su contribuci\u00f3n justa. Estamos decididos a seguir, pero no a sustituir a otros que hacen menos\u00bb, se\u00f1ala una fuente oficial, que recuerda que los Veintisiete aportaron 31.700 millones de euros en 2024 y movilizaron otros 11.000 millones en inversiones privadas.<\/p>\n\n\n\n<p>El bloque comunitario tambi\u00e9n quiere seguir impulsando los sistemas de precios al carbono, que la UE utiliza desde 2004 y que ahora est\u00e1n desarrollando pa\u00edses como Jap\u00f3n, China, M\u00e9xico o Canad\u00e1.<\/p>\n\n\n\n<p>La presencia conjunta de una delegaci\u00f3n del m\u00e1ximo nivel europeo en Bel\u00e9m -encabezada por Ursula von der Leyen, Antonio Costa, Teresa Ribera y Wopke Hoekstra- buscar\u00e1 reafirmar el liderazgo clim\u00e1tico europeo en un escenario internacional incierto. EFE<\/p>\n","protected":false},"excerpt":{"rendered":"<p>\u00a0Con los Estados Unidos de Donald Trump en retirada del Acuerdo de Par\u00eds y un apetito global menguante por la descarbonizaci\u00f3n, la Uni\u00f3n Europea (UE) llega a la cumbre COP30 de Brasil con un acuerdo para reducir sus emisiones de CO2 en un 90 % en 2040 respecto a 1990, que quiere usar como palanca [&hellip;]<\/p>\n","protected":false},"author":2,"featured_media":1865,"comment_status":"closed","ping_status":"open","sticky":false,"template":"","format":"standard","meta":{"_seopress_robots_primary_cat":"","_seopress_titles_title":"","_seopress_titles_desc":"","_seopress_robots_index":"","footnotes":""},"categories":[45],"tags":[],"class_list":["post-1864","post","type-post","status-publish","format-standard","has-post-thumbnail","hentry","category-internacionales"],"_links":{"self":[{"href":"https:\/\/girasolmultimedios.com\/portal\/wp-json\/wp\/v2\/posts\/1864","targetHints":{"allow":["GET"]}}],"collection":[{"href":"https:\/\/girasolmultimedios.com\/portal\/wp-json\/wp\/v2\/posts"}],"about":[{"href":"https:\/\/girasolmultimedios.com\/portal\/wp-json\/wp\/v2\/types\/post"}],"author":[{"embeddable":true,"href":"https:\/\/girasolmultimedios.com\/portal\/wp-json\/wp\/v2\/users\/2"}],"replies":[{"embeddable":true,"href":"https:\/\/girasolmultimedios.com\/portal\/wp-json\/wp\/v2\/comments?post=1864"}],"version-history":[{"count":2,"href":"https:\/\/girasolmultimedios.com\/portal\/wp-json\/wp\/v2\/posts\/1864\/revisions"}],"predecessor-version":[{"id":1867,"href":"https:\/\/girasolmultimedios.com\/portal\/wp-json\/wp\/v2\/posts\/1864\/revisions\/1867"}],"wp:featuredmedia":[{"embeddable":true,"href":"https:\/\/girasolmultimedios.com\/portal\/wp-json\/wp\/v2\/media\/1865"}],"wp:attachment":[{"href":"https:\/\/girasolmultimedios.com\/portal\/wp-json\/wp\/v2\/media?parent=1864"}],"wp:term":[{"taxonomy":"category","embeddable":true,"href":"https:\/\/girasolmultimedios.com\/portal\/wp-json\/wp\/v2\/categories?post=1864"},{"taxonomy":"post_tag","embeddable":true,"href":"https:\/\/girasolmultimedios.com\/portal\/wp-json\/wp\/v2\/tags?post=1864"}],"curies":[{"name":"wp","href":"https:\/\/api.w.org\/{rel}","templated":true}]}}