{"id":1874,"date":"2025-11-07T09:45:31","date_gmt":"2025-11-07T15:45:31","guid":{"rendered":"https:\/\/girasolmultimedios.com\/portal\/?p=1874"},"modified":"2025-11-07T09:45:31","modified_gmt":"2025-11-07T15:45:31","slug":"algunos-productos-registran-alza-de-precios-en-la-feria-del-agricultor","status":"publish","type":"post","link":"https:\/\/girasolmultimedios.com\/portal\/algunos-productos-registran-alza-de-precios-en-la-feria-del-agricultor\/","title":{"rendered":"Algunos productos registran alza de precios en la Feria del Agricultor."},"content":{"rendered":"\n<p>Algunos productos de la canasta b\u00e1sica experimentaron ligeros incrementos esta semana en la Feria del Agricultor y el Artesano, ubicada en las cercan\u00edas del Estadio Nacional de Tegucigalpa, seg\u00fan informaron los representantes de los comerciantes.<\/p>\n\n\n\n<p>El coordinador general de la feria, Jimmy Geovanny Ponce, se\u00f1al\u00f3 que la cebolla amarilla y la papa fueron los art\u00edculos que presentaron el mayor aumento en comparaci\u00f3n con la semana anterior.<\/p>\n\n\n\n<p>\u201cLa cebolla amarilla subi\u00f3 tres lempiras y la papa tambi\u00e9n registr\u00f3 un incremento. Adem\u00e1s, la medida de frijol rojo aument\u00f3 dos lempiras\u201d, indic\u00f3 Ponce.<\/p>\n\n\n\n<p>Agreg\u00f3 que el chile dulce present\u00f3 una leve alza, mientras que la lechuga, el br\u00f3coli y otras hortalizas mantienen precios estables.<\/p>\n\n\n\n<p>En cuanto a los huevos, el cart\u00f3n de 30 unidades grandes se mantiene en 95 lempiras, el mediano en 85 y el peque\u00f1o en 75. No obstante, los vendedores anticipan un leve aumento en las pr\u00f3ximas semanas debido al incremento de la demanda durante la temporada navide\u00f1a.<\/p>\n\n\n\n<p>Por su parte, los productos l\u00e1cteos no registraron variaciones: el queso semiseco y frijolero contin\u00faan a 70 lempiras la libra, la cuajada a 54 y la mantequilla especial a 36 lempiras.<\/p>\n\n\n\n<p>Pese a los peque\u00f1os ajustes, los comerciantes destacaron que la feria sigue siendo una alternativa econ\u00f3mica para las familias capitalinas, ya que ofrece productos frescos a precios m\u00e1s accesibles que los de los supermercados y mercados tradicionales.<\/p>\n","protected":false},"excerpt":{"rendered":"<p>Algunos productos de la canasta b\u00e1sica experimentaron ligeros incrementos esta semana en la Feria del Agricultor y el Artesano, ubicada en las cercan\u00edas del Estadio Nacional de Tegucigalpa, seg\u00fan informaron los representantes de los comerciantes. El coordinador general de la feria, Jimmy Geovanny Ponce, se\u00f1al\u00f3 que la cebolla amarilla y la papa fueron los art\u00edculos [&hellip;]<\/p>\n","protected":false},"author":2,"featured_media":1875,"comment_status":"closed","ping_status":"open","sticky":false,"template":"","format":"standard","meta":{"_seopress_robots_primary_cat":"","_seopress_titles_title":"","_seopress_titles_desc":"","_seopress_robots_index":"","footnotes":""},"categories":[1],"tags":[],"class_list":["post-1874","post","type-post","status-publish","format-standard","has-post-thumbnail","hentry","category-sin-categoria"],"_links":{"self":[{"href":"https:\/\/girasolmultimedios.com\/portal\/wp-json\/wp\/v2\/posts\/1874","targetHints":{"allow":["GET"]}}],"collection":[{"href":"https:\/\/girasolmultimedios.com\/portal\/wp-json\/wp\/v2\/posts"}],"about":[{"href":"https:\/\/girasolmultimedios.com\/portal\/wp-json\/wp\/v2\/types\/post"}],"author":[{"embeddable":true,"href":"https:\/\/girasolmultimedios.com\/portal\/wp-json\/wp\/v2\/users\/2"}],"replies":[{"embeddable":true,"href":"https:\/\/girasolmultimedios.com\/portal\/wp-json\/wp\/v2\/comments?post=1874"}],"version-history":[{"count":1,"href":"https:\/\/girasolmultimedios.com\/portal\/wp-json\/wp\/v2\/posts\/1874\/revisions"}],"predecessor-version":[{"id":1876,"href":"https:\/\/girasolmultimedios.com\/portal\/wp-json\/wp\/v2\/posts\/1874\/revisions\/1876"}],"wp:featuredmedia":[{"embeddable":true,"href":"https:\/\/girasolmultimedios.com\/portal\/wp-json\/wp\/v2\/media\/1875"}],"wp:attachment":[{"href":"https:\/\/girasolmultimedios.com\/portal\/wp-json\/wp\/v2\/media?parent=1874"}],"wp:term":[{"taxonomy":"category","embeddable":true,"href":"https:\/\/girasolmultimedios.com\/portal\/wp-json\/wp\/v2\/categories?post=1874"},{"taxonomy":"post_tag","embeddable":true,"href":"https:\/\/girasolmultimedios.com\/portal\/wp-json\/wp\/v2\/tags?post=1874"}],"curies":[{"name":"wp","href":"https:\/\/api.w.org\/{rel}","templated":true}]}}