{"id":1886,"date":"2025-11-07T10:11:15","date_gmt":"2025-11-07T16:11:15","guid":{"rendered":"https:\/\/girasolmultimedios.com\/portal\/?p=1886"},"modified":"2025-11-07T15:41:45","modified_gmt":"2025-11-07T21:41:45","slug":"productores-abordan-la-sostenibilidad-de-la-caficultura-nacional","status":"publish","type":"post","link":"https:\/\/girasolmultimedios.com\/portal\/productores-abordan-la-sostenibilidad-de-la-caficultura-nacional\/","title":{"rendered":"Productores abordan la sostenibilidad de la caficultura nacional"},"content":{"rendered":"\n<p>Productores abordaron la sostenibilidad de la caficultura nacional con innovaci\u00f3n tecnol\u00f3gica en procesos de producci\u00f3n durante el 58\u00b0 Congreso Cafetalero de por la Asociaci\u00f3n Hondure\u00f1a de Productores de Caf\u00e9 (Ahprocaf\u00e9) celebrado ayer en Siguatepeque, Comayagua, zona central de Honduras.<\/p>\n\n\n\n<p>El 58\u00b0 Congreso Cafetalero organizado por la Ahprocaf\u00e9, reuni\u00f3 a m\u00e1s de 500 productores de caf\u00e9 provenientes de los 15 departamentos de Honduras donde se cosechan el grano arom\u00e1tico.<\/p>\n\n\n\n<p>Los participantes tambi\u00e9n abordaron las estrategias de adaptaci\u00f3n al cambio clim\u00e1tico y las oportunidades de mercado para el caf\u00e9 hondure\u00f1o.<\/p>\n\n\n\n<p>El presidente de Ahprocaf\u00e9, Pedro Mendoza, destac\u00f3 la importancia de fortalecer la unidad del gremio y continuar trabajando en conjunto para garantizar la rentabilidad y sostenibilidad del sector<\/p>\n\n\n\n<p>En su intervenci\u00f3n, Mendoza subray\u00f3 que \u201cel caf\u00e9 hondure\u00f1o sigue siendo un motor fundamental para el desarrollo econ\u00f3mico y social de miles de familias en todo el pa\u00eds\u201d, reiterando el compromiso de la asociaci\u00f3n de apoyar a los productores con capacitaci\u00f3n, asistencia t\u00e9cnica e innovaci\u00f3n.<\/p>\n\n\n\n<p>El congreso reafirm\u00f3 el compromiso de esa asociaci\u00f3n con el fortalecimiento del gremio cafetalero, promoviendo el intercambio de conocimientos, la capacitaci\u00f3n y la b\u00fasqueda de soluciones conjuntas a los desaf\u00edos que enfrenta la producci\u00f3n de caf\u00e9 en el pa\u00eds.<\/p>\n\n\n\n<p>El evento cont\u00f3 con la participaci\u00f3n de autoridades locales, representantes de instituciones p\u00fablicas y privadas, organizaciones de productores, as\u00ed como expertos nacionales e internacionales del rubro cafetalero.<\/p>\n\n\n\n<p>Con este encuentro, Ahprocaf\u00e9 contin\u00faa consolidando su liderazgo como plataforma de di\u00e1logo y desarrollo para los caficultores hondure\u00f1os, impulsando la competitividad y sostenibilidad del caf\u00e9, uno de los principales productos de exportaci\u00f3n del pa\u00eds.<\/p>\n","protected":false},"excerpt":{"rendered":"<p>Productores abordaron la sostenibilidad de la caficultura nacional con innovaci\u00f3n tecnol\u00f3gica en procesos de producci\u00f3n durante el 58\u00b0 Congreso Cafetalero de por la Asociaci\u00f3n Hondure\u00f1a de Productores de Caf\u00e9 (Ahprocaf\u00e9) celebrado ayer en Siguatepeque, Comayagua, zona central de Honduras. El 58\u00b0 Congreso Cafetalero organizado por la Ahprocaf\u00e9, reuni\u00f3 a m\u00e1s de 500 productores de caf\u00e9 [&hellip;]<\/p>\n","protected":false},"author":2,"featured_media":1887,"comment_status":"closed","ping_status":"open","sticky":false,"template":"","format":"standard","meta":{"_seopress_robots_primary_cat":"","_seopress_titles_title":"","_seopress_titles_desc":"","_seopress_robots_index":"","footnotes":""},"categories":[23],"tags":[],"class_list":["post-1886","post","type-post","status-publish","format-standard","has-post-thumbnail","hentry","category-nacionales"],"_links":{"self":[{"href":"https:\/\/girasolmultimedios.com\/portal\/wp-json\/wp\/v2\/posts\/1886","targetHints":{"allow":["GET"]}}],"collection":[{"href":"https:\/\/girasolmultimedios.com\/portal\/wp-json\/wp\/v2\/posts"}],"about":[{"href":"https:\/\/girasolmultimedios.com\/portal\/wp-json\/wp\/v2\/types\/post"}],"author":[{"embeddable":true,"href":"https:\/\/girasolmultimedios.com\/portal\/wp-json\/wp\/v2\/users\/2"}],"replies":[{"embeddable":true,"href":"https:\/\/girasolmultimedios.com\/portal\/wp-json\/wp\/v2\/comments?post=1886"}],"version-history":[{"count":2,"href":"https:\/\/girasolmultimedios.com\/portal\/wp-json\/wp\/v2\/posts\/1886\/revisions"}],"predecessor-version":[{"id":1890,"href":"https:\/\/girasolmultimedios.com\/portal\/wp-json\/wp\/v2\/posts\/1886\/revisions\/1890"}],"wp:featuredmedia":[{"embeddable":true,"href":"https:\/\/girasolmultimedios.com\/portal\/wp-json\/wp\/v2\/media\/1887"}],"wp:attachment":[{"href":"https:\/\/girasolmultimedios.com\/portal\/wp-json\/wp\/v2\/media?parent=1886"}],"wp:term":[{"taxonomy":"category","embeddable":true,"href":"https:\/\/girasolmultimedios.com\/portal\/wp-json\/wp\/v2\/categories?post=1886"},{"taxonomy":"post_tag","embeddable":true,"href":"https:\/\/girasolmultimedios.com\/portal\/wp-json\/wp\/v2\/tags?post=1886"}],"curies":[{"name":"wp","href":"https:\/\/api.w.org\/{rel}","templated":true}]}}