{"id":1897,"date":"2025-11-07T15:32:11","date_gmt":"2025-11-07T21:32:11","guid":{"rendered":"https:\/\/girasolmultimedios.com\/portal\/?p=1897"},"modified":"2025-11-07T15:36:44","modified_gmt":"2025-11-07T21:36:44","slug":"lula-exige-impuesto-a-las-multinacionales-y-a-los-superricos-para-la-accion-climatica","status":"publish","type":"post","link":"https:\/\/girasolmultimedios.com\/portal\/lula-exige-impuesto-a-las-multinacionales-y-a-los-superricos-para-la-accion-climatica\/","title":{"rendered":"Lula exige impuesto a las multinacionales y a los superricos para la acci\u00f3n clim\u00e1tica"},"content":{"rendered":"\n<p>El presidente de Brasil, Luiz In\u00e1cio Lula da Silva, exigi\u00f3 este viernes una mayor contribuci\u00f3n financiera a las grandes multinacionales y a los pa\u00edses m\u00e1s ricos para combatir la crisis clim\u00e1tica, por ser los m\u00e1s contaminantes del planeta, en la segunda y \u00faltima jornada de la cumbre de l\u00edderes de la COP30.<\/p>\n\n\n\n<p>\u00abUn impuesto m\u00ednimo puede generar recursos valiosos para la acci\u00f3n clim\u00e1tica\u00bb, dijo Lula, en la apertura de la sesi\u00f3n sobre los 10 a\u00f1os del Acuerdo de Par\u00eds.<\/p>\n\n\n\n<p>Durante su intervenci\u00f3n, el mandatario brasile\u00f1o demand\u00f3 equidad y justicia clim\u00e1tica y se\u00f1al\u00f3 que los pa\u00edses en desarrollo no pueden seguir enfrentando la crisis clim\u00e1tica a punta de deuda, ya que eso significa una \u00abfinanciaci\u00f3n inversa\u00bb que termina enriqueciendo de nuevo a los m\u00e1s ricos.<\/p>\n\n\n\n<h2 class=\"wp-block-heading\" id=\"h-el-impuesto-de-lula-a-los-superricos\">El impuesto de Lula a los superricos<\/h2>\n\n\n\n<p>\u00abLos pa\u00edses en desarrollo est\u00e1n haciendo su parte. Ahora le toca a quienes tienen m\u00e1s recursos y m\u00e1s responsabilidad hist\u00f3rica\u00bb, afirm\u00f3\u00a0Lula.<\/p>\n\n\n\n<p>Seg\u00fan el l\u00edder progresista, mientras la mayor parte de la riqueza del planeta proviene de personas y empresas, los presupuestos p\u00fablicos se han reducido, por lo que las demandas para la adaptaci\u00f3n de las naciones a los efectos del clima \u00abrequerir\u00e1n esfuerzos de financiaci\u00f3n a\u00fan mayores\u00bb.<\/p>\n\n\n\n<p>\u00abSin incluir el capital privado, las cifras no cuadran\u00bb, subray\u00f3.<\/p>\n\n\n\n<p>Adem\u00e1s, Lula, agreg\u00f3 que los superricos son los m\u00e1s contaminantes del planeta y cit\u00f3 cifras de la ONG Oxfam que se\u00f1alan que una persona que hace parte del 0,1 % m\u00e1s rico del planeta emite m\u00e1s carbono en un solo d\u00eda que el 50 % m\u00e1s pobre de la poblaci\u00f3n mundial en todo un a\u00f1o. EFE<\/p>\n","protected":false},"excerpt":{"rendered":"<p>El presidente de Brasil, Luiz In\u00e1cio Lula da Silva, exigi\u00f3 este viernes una mayor contribuci\u00f3n financiera a las grandes multinacionales y a los pa\u00edses m\u00e1s ricos para combatir la crisis clim\u00e1tica, por ser los m\u00e1s contaminantes del planeta, en la segunda y \u00faltima jornada de la cumbre de l\u00edderes de la COP30. \u00abUn impuesto m\u00ednimo [&hellip;]<\/p>\n","protected":false},"author":2,"featured_media":1898,"comment_status":"closed","ping_status":"open","sticky":false,"template":"","format":"standard","meta":{"_seopress_robots_primary_cat":"","_seopress_titles_title":"","_seopress_titles_desc":"","_seopress_robots_index":"","footnotes":""},"categories":[45],"tags":[135],"class_list":["post-1897","post","type-post","status-publish","format-standard","has-post-thumbnail","hentry","category-internacionales","tag-brasil"],"_links":{"self":[{"href":"https:\/\/girasolmultimedios.com\/portal\/wp-json\/wp\/v2\/posts\/1897","targetHints":{"allow":["GET"]}}],"collection":[{"href":"https:\/\/girasolmultimedios.com\/portal\/wp-json\/wp\/v2\/posts"}],"about":[{"href":"https:\/\/girasolmultimedios.com\/portal\/wp-json\/wp\/v2\/types\/post"}],"author":[{"embeddable":true,"href":"https:\/\/girasolmultimedios.com\/portal\/wp-json\/wp\/v2\/users\/2"}],"replies":[{"embeddable":true,"href":"https:\/\/girasolmultimedios.com\/portal\/wp-json\/wp\/v2\/comments?post=1897"}],"version-history":[{"count":1,"href":"https:\/\/girasolmultimedios.com\/portal\/wp-json\/wp\/v2\/posts\/1897\/revisions"}],"predecessor-version":[{"id":1899,"href":"https:\/\/girasolmultimedios.com\/portal\/wp-json\/wp\/v2\/posts\/1897\/revisions\/1899"}],"wp:featuredmedia":[{"embeddable":true,"href":"https:\/\/girasolmultimedios.com\/portal\/wp-json\/wp\/v2\/media\/1898"}],"wp:attachment":[{"href":"https:\/\/girasolmultimedios.com\/portal\/wp-json\/wp\/v2\/media?parent=1897"}],"wp:term":[{"taxonomy":"category","embeddable":true,"href":"https:\/\/girasolmultimedios.com\/portal\/wp-json\/wp\/v2\/categories?post=1897"},{"taxonomy":"post_tag","embeddable":true,"href":"https:\/\/girasolmultimedios.com\/portal\/wp-json\/wp\/v2\/tags?post=1897"}],"curies":[{"name":"wp","href":"https:\/\/api.w.org\/{rel}","templated":true}]}}