{"id":1900,"date":"2025-11-07T15:35:54","date_gmt":"2025-11-07T21:35:54","guid":{"rendered":"https:\/\/girasolmultimedios.com\/portal\/?p=1900"},"modified":"2025-11-07T15:35:54","modified_gmt":"2025-11-07T21:35:54","slug":"turquia-emite-una-orden-de-detencion-contra-netanyahu-y-otros-36-altos-cargos-de-israel","status":"publish","type":"post","link":"https:\/\/girasolmultimedios.com\/portal\/turquia-emite-una-orden-de-detencion-contra-netanyahu-y-otros-36-altos-cargos-de-israel\/","title":{"rendered":"Turqu\u00eda emite una orden de detenci\u00f3n contra Netanyahu y otros 36 altos cargos de Israel"},"content":{"rendered":"\n<p>La Fiscal\u00eda de Turqu\u00eda ha emitido una orden de detenci\u00f3n contra el primer ministro de Israel,\u00a0Benjamin Netanyahu, y otros 36 altos cargos de ese pa\u00eds por presuntos \u00abcr\u00edmenes contra la humanidad\u00bb y de \u00abgenocidio\u00bb.<\/p>\n\n\n\n<p>Seg\u00fan un comunicado de la Fiscal\u00eda, entre los acusados est\u00e1n adem\u00e1s el ministro de Defensa, Yisrael Katz, el ministro de Seguridad Nacional, Itamar Ben-Gvir, el jefe del Estado Mayor, Eyal Zamir, y el comandante de las Fuerzas Navales, David Saar Salama.<\/p>\n\n\n\n<p>La acusaci\u00f3n turca se basa, entre otros actos, en bombardeos contra hospitales en Gaza, en la muerte de la ni\u00f1a Hind Rajab en enero de 2024 y en la operaci\u00f3n israel\u00ed contra la llamada \u2018Flotilla Global Sumud\u2019 en octubre pasado.<\/p>\n\n\n\n<p>En cuanto a la Flotilla, que fue interceptada por la Marina israel\u00ed en aguas internacionales, la Fiscal\u00eda considera que hay indicios de \u00abtortura\u00bb, \u00absaqueo intencionado\u00bb, \u00abda\u00f1os a la propiedad\u00bb, \u00abprivaci\u00f3n de la libertad de las personas\u00bb y \u00absecuestro de medios de transporte\u00bb.<\/p>\n\n\n\n<p>La acusaci\u00f3n en este aspecto se basa en las declaraciones tomadas a los activistas de la Flotilla, que fueron deportados de Israel a trav\u00e9s de Turqu\u00eda entre el 4 y 10 de octubre pasados, precisa el comunicado.<\/p>\n\n\n\n<h2 class=\"wp-block-heading\" id=\"h-genocidio-y-crimenes-contra-la-humanidad\">\u00abGenocidio y cr\u00edmenes contra la humanidad\u00bb<\/h2>\n\n\n\n<p>Los bombardeos contra varios hospitales, entre ellos el de la Amistad Turco-Palestina, en marzo pasado, el bloqueo a la Franja de Gaza con sus consecuencias para civiles y los obst\u00e1culos impuestos a la llegada de ayuda humanitaria son indicios, seg\u00fan la Fiscal\u00eda, de \u00abun genocidio y cr\u00edmenes contra la humanidad perpetrados de forma sistem\u00e1tica\u00bb.<\/p>\n\n\n\n<p>La guerra de Gaza, con m\u00e1s de 67.000 palestinos muertos y en la que hay un alto el fuego vigente desde el pasado 9 de octubre, fue desatada por la ofensiva terrorista del grupo integrista palestino Ham\u00e1s el 7 de octubre de 2023.<\/p>\n\n\n\n<p>Israel, por su parte, acusa a Ham\u00e1s de usar infraestructuras civiles y humanitarias en Gaza como centros de mando.<\/p>\n\n\n\n<p>Turqu\u00eda, un aliado de Ham\u00e1s y uno de los pa\u00edses m\u00e1s cr\u00edticos con la pol\u00edtica del Gobierno de Israel, apoya el alto el fuego patrocinado por Estados Unidos e insiste en que debe llevar a un proceso de paz que desemboque en la creaci\u00f3n de un Estado palestino vecino a Israel en las fronteras de 1967. EFE<\/p>\n","protected":false},"excerpt":{"rendered":"<p>La Fiscal\u00eda de Turqu\u00eda ha emitido una orden de detenci\u00f3n contra el primer ministro de Israel,\u00a0Benjamin Netanyahu, y otros 36 altos cargos de ese pa\u00eds por presuntos \u00abcr\u00edmenes contra la humanidad\u00bb y de \u00abgenocidio\u00bb. Seg\u00fan un comunicado de la Fiscal\u00eda, entre los acusados est\u00e1n adem\u00e1s el ministro de Defensa, Yisrael Katz, el ministro de Seguridad [&hellip;]<\/p>\n","protected":false},"author":2,"featured_media":1901,"comment_status":"closed","ping_status":"open","sticky":false,"template":"","format":"standard","meta":{"_seopress_robots_primary_cat":"","_seopress_titles_title":"","_seopress_titles_desc":"","_seopress_robots_index":"","footnotes":""},"categories":[45],"tags":[],"class_list":["post-1900","post","type-post","status-publish","format-standard","has-post-thumbnail","hentry","category-internacionales"],"_links":{"self":[{"href":"https:\/\/girasolmultimedios.com\/portal\/wp-json\/wp\/v2\/posts\/1900","targetHints":{"allow":["GET"]}}],"collection":[{"href":"https:\/\/girasolmultimedios.com\/portal\/wp-json\/wp\/v2\/posts"}],"about":[{"href":"https:\/\/girasolmultimedios.com\/portal\/wp-json\/wp\/v2\/types\/post"}],"author":[{"embeddable":true,"href":"https:\/\/girasolmultimedios.com\/portal\/wp-json\/wp\/v2\/users\/2"}],"replies":[{"embeddable":true,"href":"https:\/\/girasolmultimedios.com\/portal\/wp-json\/wp\/v2\/comments?post=1900"}],"version-history":[{"count":1,"href":"https:\/\/girasolmultimedios.com\/portal\/wp-json\/wp\/v2\/posts\/1900\/revisions"}],"predecessor-version":[{"id":1902,"href":"https:\/\/girasolmultimedios.com\/portal\/wp-json\/wp\/v2\/posts\/1900\/revisions\/1902"}],"wp:featuredmedia":[{"embeddable":true,"href":"https:\/\/girasolmultimedios.com\/portal\/wp-json\/wp\/v2\/media\/1901"}],"wp:attachment":[{"href":"https:\/\/girasolmultimedios.com\/portal\/wp-json\/wp\/v2\/media?parent=1900"}],"wp:term":[{"taxonomy":"category","embeddable":true,"href":"https:\/\/girasolmultimedios.com\/portal\/wp-json\/wp\/v2\/categories?post=1900"},{"taxonomy":"post_tag","embeddable":true,"href":"https:\/\/girasolmultimedios.com\/portal\/wp-json\/wp\/v2\/tags?post=1900"}],"curies":[{"name":"wp","href":"https:\/\/api.w.org\/{rel}","templated":true}]}}