{"id":1906,"date":"2025-11-07T16:01:52","date_gmt":"2025-11-07T22:01:52","guid":{"rendered":"https:\/\/girasolmultimedios.com\/portal\/?p=1906"},"modified":"2025-11-07T16:12:16","modified_gmt":"2025-11-07T22:12:16","slug":"elecciones-generales-policia-y-ff-aa-reafirman-compromiso-con-la-democracia","status":"publish","type":"post","link":"https:\/\/girasolmultimedios.com\/portal\/elecciones-generales-policia-y-ff-aa-reafirman-compromiso-con-la-democracia\/","title":{"rendered":"Elecciones generales: Polic\u00eda y FF. AA. reafirman compromiso con la democracia"},"content":{"rendered":"\n<p>Honduras se prepara para unas elecciones generales sin precedentes, marcadas por un despliegue masivo de seguridad y un firme compromiso institucional con la democracia. El pr\u00f3ximo 30 de noviembre, m\u00e1s de seis millones de ciudadanos est\u00e1n convocados a las urnas, en un proceso que contar\u00e1 con la participaci\u00f3n activa de cerca de 50 mil funcionarios entre polic\u00edas y militares.<\/p>\n\n\n\n<h3 class=\"wp-block-heading\"><strong>Polic\u00eda Nacional garantiza seguridad para elecciones generales en Honduras<\/strong><\/h3>\n\n\n\n<p>En conferencia de prensa, el director de la Polic\u00eda Nacional, Manuel Aguilar Godoy, asegur\u00f3 que las elecciones se desarrollar\u00e1n en un ambiente de paz y respeto:<\/p>\n\n\n\n<p>\u201cEstas elecciones se van a desarrollar en paz y como somos los hondure\u00f1os: un pueblo noble y con la mayor efervescencia pol\u00edtica, pero todo dentro del marco de la ley, respet\u00e1ndonos los unos a los otros\u201d.<\/p>\n\n\n\n<p>Godoy destac\u00f3 que el operativo de seguridad busca proteger a la ciudadan\u00eda y garantizar el bienestar durante la jornada electoral:<\/p>\n\n\n\n<p>\u201cQueremos que Honduras sea uno de los pa\u00edses m\u00e1s seguros de este continente\u201d.<\/p>\n\n\n\n<h3 class=\"wp-block-heading\"><strong>FF.AA. asegura que voluntad del pueblo ser\u00e1 respetada<\/strong><\/h3>\n\n\n\n<p>El jefe del Estado Mayor Conjunto, Roosevelt Hern\u00e1ndez, subray\u00f3 la hist\u00f3rica colaboraci\u00f3n entre la Polic\u00eda Nacional y las Fuerzas Armadas: <\/p>\n\n\n\n<p>\u201cDos instituciones hist\u00f3ricas, creadas hace m\u00e1s de 204 a\u00f1os, se unen para asegurar que la voluntad del pueblo sea respetada. Estaremos en alerta permanente para garantizar resultados confiables, transparentes y democr\u00e1ticos\u201d.<\/p>\n\n\n\n<p>Por su parte, el ministro de Seguridad, Gustavo S\u00e1nchez, reafirm\u00f3 el compromiso del Estado con la alternancia democr\u00e1tica:<\/p>\n\n\n\n<p>\u201cLas Fuerzas Armadas y la Polic\u00eda Nacional garantizar\u00e1n que la voluntad del soberano prevalezca, que haya alternabilidad en el poder y que el 27 de enero un nuevo gobierno democr\u00e1tico asuma el control del Estado\u201d.<\/p>\n\n\n\n<h3 class=\"wp-block-heading\"><strong>Convenios y planificaci\u00f3n estrat\u00e9gica con el CNE<\/strong><\/h3>\n\n\n\n<p>El viceministro de la Secretar\u00eda de Defensa, Orlando Gardner Ord\u00f3\u00f1ez, inform\u00f3 sobre los avances en la planificaci\u00f3n electoral y la firma de convenios interinstitucionales con el Consejo Nacional Electoral (CNE):<\/p>\n\n\n\n<p>\u201cEstamos cumpliendo con la instrucci\u00f3n de la se\u00f1ora presidenta y comandante general de las Fuerzas Armadas, de mantener el orden, la buena convivencia y el imperio de la ley\u201d.<\/p>\n\n\n\n<p>El acuerdo contempla aspectos log\u00edsticos, presupuestarios y de financiamiento para garantizar el cumplimiento del deber institucional durante el proceso electoral.<\/p>\n\n\n\n<h3 class=\"wp-block-heading\"><strong>Llamado al civismo y la participaci\u00f3n masiva<\/strong><\/h3>\n\n\n\n<p>Las autoridades han instado a la ciudadan\u00eda a participar activamente en esta \u201cfiesta democr\u00e1tica\u201d, asegurando que el proceso ser\u00e1 transparente, confiable y pac\u00edfico. El despliegue de seguridad incluye la protecci\u00f3n de centros de votaci\u00f3n, el traslado seguro del material electoral y la supervisi\u00f3n del cumplimiento de la ley.<\/p>\n\n\n\n<p>Este operativo representa el mayor esfuerzo coordinado en la historia electoral de Honduras y refleja el compromiso de las instituciones con la estabilidad democr\u00e1tica y la seguridad ciudadana.<\/p>\n","protected":false},"excerpt":{"rendered":"<p>Honduras se prepara para unas elecciones generales sin precedentes, marcadas por un despliegue masivo de seguridad y un firme compromiso institucional con la democracia. El pr\u00f3ximo 30 de noviembre, m\u00e1s de seis millones de ciudadanos est\u00e1n convocados a las urnas, en un proceso que contar\u00e1 con la participaci\u00f3n activa de cerca de 50 mil funcionarios [&hellip;]<\/p>\n","protected":false},"author":2,"featured_media":1907,"comment_status":"closed","ping_status":"open","sticky":false,"template":"","format":"standard","meta":{"_seopress_robots_primary_cat":"","_seopress_titles_title":"","_seopress_titles_desc":"","_seopress_robots_index":"","footnotes":""},"categories":[23,69],"tags":[204,25,150],"class_list":["post-1906","post","type-post","status-publish","format-standard","has-post-thumbnail","hentry","category-nacionales","category-politica","tag-elecciones","tag-honduras","tag-policia-nacional"],"_links":{"self":[{"href":"https:\/\/girasolmultimedios.com\/portal\/wp-json\/wp\/v2\/posts\/1906","targetHints":{"allow":["GET"]}}],"collection":[{"href":"https:\/\/girasolmultimedios.com\/portal\/wp-json\/wp\/v2\/posts"}],"about":[{"href":"https:\/\/girasolmultimedios.com\/portal\/wp-json\/wp\/v2\/types\/post"}],"author":[{"embeddable":true,"href":"https:\/\/girasolmultimedios.com\/portal\/wp-json\/wp\/v2\/users\/2"}],"replies":[{"embeddable":true,"href":"https:\/\/girasolmultimedios.com\/portal\/wp-json\/wp\/v2\/comments?post=1906"}],"version-history":[{"count":5,"href":"https:\/\/girasolmultimedios.com\/portal\/wp-json\/wp\/v2\/posts\/1906\/revisions"}],"predecessor-version":[{"id":1916,"href":"https:\/\/girasolmultimedios.com\/portal\/wp-json\/wp\/v2\/posts\/1906\/revisions\/1916"}],"wp:featuredmedia":[{"embeddable":true,"href":"https:\/\/girasolmultimedios.com\/portal\/wp-json\/wp\/v2\/media\/1907"}],"wp:attachment":[{"href":"https:\/\/girasolmultimedios.com\/portal\/wp-json\/wp\/v2\/media?parent=1906"}],"wp:term":[{"taxonomy":"category","embeddable":true,"href":"https:\/\/girasolmultimedios.com\/portal\/wp-json\/wp\/v2\/categories?post=1906"},{"taxonomy":"post_tag","embeddable":true,"href":"https:\/\/girasolmultimedios.com\/portal\/wp-json\/wp\/v2\/tags?post=1906"}],"curies":[{"name":"wp","href":"https:\/\/api.w.org\/{rel}","templated":true}]}}