{"id":1917,"date":"2025-11-07T16:17:21","date_gmt":"2025-11-07T22:17:21","guid":{"rendered":"https:\/\/girasolmultimedios.com\/portal\/?p=1917"},"modified":"2025-11-07T16:17:22","modified_gmt":"2025-11-07T22:17:22","slug":"alias-el-burro-enfrentara-nuevos-cargos-por-robo-con-violencia-y-lesiones","status":"publish","type":"post","link":"https:\/\/girasolmultimedios.com\/portal\/alias-el-burro-enfrentara-nuevos-cargos-por-robo-con-violencia-y-lesiones\/","title":{"rendered":"Alias \u201cEl Burro\u201d enfrentar\u00e1 nuevos cargos por robo con violencia y lesiones"},"content":{"rendered":"\n<p>En el marco de las investigaciones que realiza la Polic\u00eda Nacional para esclarecer delitos contra la propiedad, agentes de la Direcci\u00f3n Policial de Investigaciones (DPI) trasladaron desde la penitenciar\u00eda de El Progreso, Yoro, hasta las instalaciones de la DPI en San Pedro Sula, al ciudadano conocido con el alias de \u201cEl Burro\u201d, de 36 a\u00f1os.<\/p>\n\n\n\n<p>El traslado se efectu\u00f3 con el objetivo de notificarle una nueva orden de captura por suponerlo responsable de los delitos de robo con violencia e intimidaci\u00f3n y lesiones en perjuicio de un repartidor de productos en motocicleta. Posteriormente, el detenido ser\u00e1 remitido ante los juzgados sampedranos para la respectiva audiencia de declaraci\u00f3n de imputado.<\/p>\n\n\n\n<p>Durante el procedimiento, las autoridades informaron al sospechoso sobre sus derechos y el nuevo requerimiento fiscal que pesa en su contra.<\/p>\n\n\n\n<p>Seg\u00fan las investigaciones, alias \u201cEl Burro\u201d ya enfrenta un proceso judicial por otro caso de robo con violencia. Los agentes de la DPI, bajo el acompa\u00f1amiento t\u00e9cnico del Ministerio P\u00fablico, contin\u00faan sumando evidencias y testimonios para integrar los nuevos cargos en su expediente.<\/p>\n\n\n\n<p>El hombre cobr\u00f3 notoriedad en redes sociales luego de viralizarse un video en el que se le observa asaltando a un repartidor y dispar\u00e1ndole con arma de fuego, provoc\u00e1ndole heridas de bala. En otro material audiovisual, se le aprecia arrebatando por la fuerza una cartera a una joven en plena v\u00eda p\u00fablica.<\/p>\n\n\n\n<p>Las autoridades mantienen las investigaciones abiertas y confirmaron que seguir\u00e1n los procesos judiciales correspondientes hasta que el acusado responda ante la justicia por todos los delitos que se le atribuyen.<\/p>\n","protected":false},"excerpt":{"rendered":"<p>En el marco de las investigaciones que realiza la Polic\u00eda Nacional para esclarecer delitos contra la propiedad, agentes de la Direcci\u00f3n Policial de Investigaciones (DPI) trasladaron desde la penitenciar\u00eda de El Progreso, Yoro, hasta las instalaciones de la DPI en San Pedro Sula, al ciudadano conocido con el alias de \u201cEl Burro\u201d, de 36 a\u00f1os. [&hellip;]<\/p>\n","protected":false},"author":2,"featured_media":1918,"comment_status":"closed","ping_status":"open","sticky":false,"template":"","format":"standard","meta":{"_seopress_robots_primary_cat":"","_seopress_titles_title":"","_seopress_titles_desc":"","_seopress_robots_index":"","footnotes":""},"categories":[23],"tags":[],"class_list":["post-1917","post","type-post","status-publish","format-standard","has-post-thumbnail","hentry","category-nacionales"],"_links":{"self":[{"href":"https:\/\/girasolmultimedios.com\/portal\/wp-json\/wp\/v2\/posts\/1917","targetHints":{"allow":["GET"]}}],"collection":[{"href":"https:\/\/girasolmultimedios.com\/portal\/wp-json\/wp\/v2\/posts"}],"about":[{"href":"https:\/\/girasolmultimedios.com\/portal\/wp-json\/wp\/v2\/types\/post"}],"author":[{"embeddable":true,"href":"https:\/\/girasolmultimedios.com\/portal\/wp-json\/wp\/v2\/users\/2"}],"replies":[{"embeddable":true,"href":"https:\/\/girasolmultimedios.com\/portal\/wp-json\/wp\/v2\/comments?post=1917"}],"version-history":[{"count":1,"href":"https:\/\/girasolmultimedios.com\/portal\/wp-json\/wp\/v2\/posts\/1917\/revisions"}],"predecessor-version":[{"id":1919,"href":"https:\/\/girasolmultimedios.com\/portal\/wp-json\/wp\/v2\/posts\/1917\/revisions\/1919"}],"wp:featuredmedia":[{"embeddable":true,"href":"https:\/\/girasolmultimedios.com\/portal\/wp-json\/wp\/v2\/media\/1918"}],"wp:attachment":[{"href":"https:\/\/girasolmultimedios.com\/portal\/wp-json\/wp\/v2\/media?parent=1917"}],"wp:term":[{"taxonomy":"category","embeddable":true,"href":"https:\/\/girasolmultimedios.com\/portal\/wp-json\/wp\/v2\/categories?post=1917"},{"taxonomy":"post_tag","embeddable":true,"href":"https:\/\/girasolmultimedios.com\/portal\/wp-json\/wp\/v2\/tags?post=1917"}],"curies":[{"name":"wp","href":"https:\/\/api.w.org\/{rel}","templated":true}]}}