{"id":1923,"date":"2025-11-11T03:15:44","date_gmt":"2025-11-11T09:15:44","guid":{"rendered":"https:\/\/girasolmultimedios.com\/portal\/?p=1923"},"modified":"2025-11-11T03:15:45","modified_gmt":"2025-11-11T09:15:45","slug":"petro-ordena-un-bombardeo-contra-las-disidencias-de-las-farc-en-el-sureste-de-colombia","status":"publish","type":"post","link":"https:\/\/girasolmultimedios.com\/portal\/petro-ordena-un-bombardeo-contra-las-disidencias-de-las-farc-en-el-sureste-de-colombia\/","title":{"rendered":"Petro ordena un bombardeo contra las disidencias de las FARC en el sureste de Colombia"},"content":{"rendered":"\n<p>El presidente de Colombia, Gustavo Petro, anunci\u00f3 el lunes que orden\u00f3 una ofensiva militar en el selv\u00e1tico departamento del Guaviare (sureste) contra el jefe de las disidencias de las FARC, alias Iv\u00e1n Mordisco, en la que se est\u00e1n realizando bombardeos para desarticular el frente armado que opera en esa zona.<\/p>\n\n\n\n<p>\u00abOfensiva militar contra Iv\u00e1n Mordisco en el Guaviare. He ordenado el bombardeo y la disoluci\u00f3n militar del frente ubicado por las Fuerzas Militares\u00bb, escribi\u00f3 el mandatario en X.<\/p>\n\n\n\n<p>Mientras que, el ministro de Defensa, el general Pedro S\u00e1nchez Su\u00e1rez, inform\u00f3 en la madrugada de este lunes sobre el comienzo de la operaci\u00f3n, y asegur\u00f3 en esa misma red social que se trata de una \u00abcontundente operaci\u00f3n ofensiva\u00bb contra \u00abestructuras narcoterroristas del cartel de alias Mordisco que tienen amenazadas y extorsionadas a comunidades y campesinos\u00bb del Guaviare.<\/p>\n\n\n\n<h2 class=\"wp-block-heading\" id=\"h-petro-cambia-de-estrategia-en-ofensiva-contra-las-disidencias-de-las-farc\">Petro cambia de estrategia en ofensiva contra las disidencias de las Farc<\/h2>\n\n\n\n<p>\u00abDesde la madrugada, nuestras Fuerzas Militares y la Polic\u00eda Nacional est\u00e1n ejecutando esta operaci\u00f3n en las selvas del Guaviare (\u2026). Operaci\u00f3n en evoluci\u00f3n\u00bb, detall\u00f3 S\u00e1nchez Su\u00e1rez.<\/p>\n\n\n\n<figure class=\"wp-block-embed is-type-rich is-provider-twitter wp-block-embed-twitter\"><div class=\"wp-block-embed__wrapper\">\n<blockquote class=\"twitter-tweet\" data-width=\"550\" data-dnt=\"true\"><p lang=\"es\" dir=\"ltr\">Ofensiva militar contra Iv\u00e1n Mordisco en el Guaviare. He ordenado el bombardeo y la disoluci\u00f3n militar del frente ubicado por las fuerzas militares <a href=\"https:\/\/t.co\/rccrbRyulc\">https:\/\/t.co\/rccrbRyulc<\/a><\/p>&mdash; Gustavo Petro (@petrogustavo) <a href=\"https:\/\/twitter.com\/petrogustavo\/status\/1988047146902519956?ref_src=twsrc%5Etfw\">November 11, 2025<\/a><\/blockquote><script async src=\"https:\/\/platform.twitter.com\/widgets.js\" charset=\"utf-8\"><\/script>\n<\/div><\/figure>\n\n\n\n<p>Alias Iv\u00e1n Mordisco, cuyo nombre real es N\u00e9stor Gregorio Vera, lidera el autodenominado Estado Mayor Central (EMC), la principal disidencia de las FARC que se apart\u00f3 del acuerdo de paz de 2016 y actualmente tiene presencia en varias regiones del pa\u00eds, entre ellas Caquet\u00e1, Meta, Guaviare y Putumayo.<\/p>\n\n\n\n<p>Hasta el momento, ni el Gobierno ni las Fuerzas Militares han entregado un balance de los resultados de la ofensiva, que se enmarca en el recrudecimiento de las operaciones contra esa organizaci\u00f3n armada tras la suspensi\u00f3n del cese al fuego en varias zonas del pa\u00eds. EFE<\/p>\n","protected":false},"excerpt":{"rendered":"<p>El presidente de Colombia, Gustavo Petro, anunci\u00f3 el lunes que orden\u00f3 una ofensiva militar en el selv\u00e1tico departamento del Guaviare (sureste) contra el jefe de las disidencias de las FARC, alias Iv\u00e1n Mordisco, en la que se est\u00e1n realizando bombardeos para desarticular el frente armado que opera en esa zona. \u00abOfensiva militar contra Iv\u00e1n Mordisco [&hellip;]<\/p>\n","protected":false},"author":2,"featured_media":1924,"comment_status":"closed","ping_status":"open","sticky":false,"template":"","format":"standard","meta":{"_seopress_robots_primary_cat":"","_seopress_titles_title":"","_seopress_titles_desc":"","_seopress_robots_index":"","footnotes":""},"categories":[45],"tags":[134,284,283],"class_list":["post-1923","post","type-post","status-publish","format-standard","has-post-thumbnail","hentry","category-internacionales","tag-colombia","tag-farc","tag-petro"],"_links":{"self":[{"href":"https:\/\/girasolmultimedios.com\/portal\/wp-json\/wp\/v2\/posts\/1923","targetHints":{"allow":["GET"]}}],"collection":[{"href":"https:\/\/girasolmultimedios.com\/portal\/wp-json\/wp\/v2\/posts"}],"about":[{"href":"https:\/\/girasolmultimedios.com\/portal\/wp-json\/wp\/v2\/types\/post"}],"author":[{"embeddable":true,"href":"https:\/\/girasolmultimedios.com\/portal\/wp-json\/wp\/v2\/users\/2"}],"replies":[{"embeddable":true,"href":"https:\/\/girasolmultimedios.com\/portal\/wp-json\/wp\/v2\/comments?post=1923"}],"version-history":[{"count":1,"href":"https:\/\/girasolmultimedios.com\/portal\/wp-json\/wp\/v2\/posts\/1923\/revisions"}],"predecessor-version":[{"id":1925,"href":"https:\/\/girasolmultimedios.com\/portal\/wp-json\/wp\/v2\/posts\/1923\/revisions\/1925"}],"wp:featuredmedia":[{"embeddable":true,"href":"https:\/\/girasolmultimedios.com\/portal\/wp-json\/wp\/v2\/media\/1924"}],"wp:attachment":[{"href":"https:\/\/girasolmultimedios.com\/portal\/wp-json\/wp\/v2\/media?parent=1923"}],"wp:term":[{"taxonomy":"category","embeddable":true,"href":"https:\/\/girasolmultimedios.com\/portal\/wp-json\/wp\/v2\/categories?post=1923"},{"taxonomy":"post_tag","embeddable":true,"href":"https:\/\/girasolmultimedios.com\/portal\/wp-json\/wp\/v2\/tags?post=1923"}],"curies":[{"name":"wp","href":"https:\/\/api.w.org\/{rel}","templated":true}]}}