{"id":1932,"date":"2025-11-11T04:12:38","date_gmt":"2025-11-11T10:12:38","guid":{"rendered":"https:\/\/girasolmultimedios.com\/portal\/?p=1932"},"modified":"2025-11-11T04:12:39","modified_gmt":"2025-11-11T10:12:39","slug":"claman-justicia-durante-el-sepelio-de-joven-estudiante-ultimada-en-olancho","status":"publish","type":"post","link":"https:\/\/girasolmultimedios.com\/portal\/claman-justicia-durante-el-sepelio-de-joven-estudiante-ultimada-en-olancho\/","title":{"rendered":"Claman justicia durante el sepelio de joven estudiante ultimada en Olancho"},"content":{"rendered":"\n<p>Una carroza f\u00fanebre, acompa\u00f1ada por familiares, compa\u00f1eros y amigos, fue el \u00faltimo recorrido antes del sepelio de la joven estudiante de bachillerato en Ciencias y Humanidades Nicolle Fernanda Santos \u00c1vila (17) ultimada en El Quebrachal, municipio de San Francisco de la Paz, departamento de Olancho.<\/p>\n\n\n\n<p>Los restos de la joven fueron sepultados, el mediod\u00eda de ayer, en el cementerio de la aldea Laguna Grande, a unos 20 kil\u00f3metros de la cabecera municipal, en medio del dolor y la impotencia de familiares y amigos.<\/p>\n\n\n\n<p>Durante la ceremonia, la familia de la v\u00edctima ley\u00f3 un emotivo mensaje de agradecimiento a todas las personas que les han brindado apoyo en estos momentos de profunda angustia por la irreparable p\u00e9rdida.<\/p>\n\n\n\n<p>\u201cSe nos fue un \u00e1ngel, una ni\u00f1a llena de ilusiones, alguien que no le deb\u00eda nada a nadie. Su sue\u00f1o era superarse, pero hoy el destino le ha dado descanso a temprana edad\u201d, expres\u00f3 una amiga de la familia al leer el mensaje.<\/p>\n\n\n\n<p>Nicolle Fernanda perdi\u00f3 la vida el pasado domingo, luego de que un sujeto llegara hasta el corredor de la vivienda donde resid\u00eda con su padre. El individuo pregunt\u00f3 por ella y, al identificarla, le dispar\u00f3 en dos ocasiones, dej\u00e1ndola gravemente herida.<\/p>\n\n\n\n<p>La jovencita fue trasladada de inmediato a un centro asistencial, pero lamentablemente falleci\u00f3 horas despu\u00e9s.<\/p>\n\n\n\n<p>Las autoridades policiales en Olancho a\u00fan no han ofrecido una versi\u00f3n oficial de los hechos; sin embargo, confirmaron que se encuentra en curso una investigaci\u00f3n para<\/p>\n","protected":false},"excerpt":{"rendered":"<p>Una carroza f\u00fanebre, acompa\u00f1ada por familiares, compa\u00f1eros y amigos, fue el \u00faltimo recorrido antes del sepelio de la joven estudiante de bachillerato en Ciencias y Humanidades Nicolle Fernanda Santos \u00c1vila (17) ultimada en El Quebrachal, municipio de San Francisco de la Paz, departamento de Olancho. Los restos de la joven fueron sepultados, el mediod\u00eda de [&hellip;]<\/p>\n","protected":false},"author":2,"featured_media":1933,"comment_status":"closed","ping_status":"open","sticky":false,"template":"","format":"standard","meta":{"_seopress_robots_primary_cat":"","_seopress_titles_title":"","_seopress_titles_desc":"","_seopress_robots_index":"","footnotes":""},"categories":[23],"tags":[25,214],"class_list":["post-1932","post","type-post","status-publish","format-standard","has-post-thumbnail","hentry","category-nacionales","tag-honduras","tag-sucesos"],"_links":{"self":[{"href":"https:\/\/girasolmultimedios.com\/portal\/wp-json\/wp\/v2\/posts\/1932","targetHints":{"allow":["GET"]}}],"collection":[{"href":"https:\/\/girasolmultimedios.com\/portal\/wp-json\/wp\/v2\/posts"}],"about":[{"href":"https:\/\/girasolmultimedios.com\/portal\/wp-json\/wp\/v2\/types\/post"}],"author":[{"embeddable":true,"href":"https:\/\/girasolmultimedios.com\/portal\/wp-json\/wp\/v2\/users\/2"}],"replies":[{"embeddable":true,"href":"https:\/\/girasolmultimedios.com\/portal\/wp-json\/wp\/v2\/comments?post=1932"}],"version-history":[{"count":1,"href":"https:\/\/girasolmultimedios.com\/portal\/wp-json\/wp\/v2\/posts\/1932\/revisions"}],"predecessor-version":[{"id":1934,"href":"https:\/\/girasolmultimedios.com\/portal\/wp-json\/wp\/v2\/posts\/1932\/revisions\/1934"}],"wp:featuredmedia":[{"embeddable":true,"href":"https:\/\/girasolmultimedios.com\/portal\/wp-json\/wp\/v2\/media\/1933"}],"wp:attachment":[{"href":"https:\/\/girasolmultimedios.com\/portal\/wp-json\/wp\/v2\/media?parent=1932"}],"wp:term":[{"taxonomy":"category","embeddable":true,"href":"https:\/\/girasolmultimedios.com\/portal\/wp-json\/wp\/v2\/categories?post=1932"},{"taxonomy":"post_tag","embeddable":true,"href":"https:\/\/girasolmultimedios.com\/portal\/wp-json\/wp\/v2\/tags?post=1932"}],"curies":[{"name":"wp","href":"https:\/\/api.w.org\/{rel}","templated":true}]}}