{"id":1935,"date":"2025-11-11T04:49:11","date_gmt":"2025-11-11T10:49:11","guid":{"rendered":"https:\/\/girasolmultimedios.com\/portal\/?p=1935"},"modified":"2025-11-11T04:53:57","modified_gmt":"2025-11-11T10:53:57","slug":"incendio-arrasa-con-8-carros-importados-en-puerto-cortes","status":"publish","type":"post","link":"https:\/\/girasolmultimedios.com\/portal\/incendio-arrasa-con-8-carros-importados-en-puerto-cortes\/","title":{"rendered":"\u00bfQu\u00e9 se sabe del incendio que arras\u00f3 con ocho veh\u00edculos en Puerto Cort\u00e9s?"},"content":{"rendered":"\n<p><strong>Puerto Cort\u00e9s, Honduras<\/strong> \u2014 Un voraz incendio registrado la madrugada del domingo 9 de noviembre consumi\u00f3 al menos ocho veh\u00edculos reci\u00e9n importados en un predio ubicado detr\u00e1s de la llantera \u201cEl Sure\u00f1o\u201d, en las afueras de Puerto Cort\u00e9s, zona norte del pa\u00eds.<\/p>\n\n\n\n<p>Seg\u00fan el reporte del Cuerpo de Bomberos, otras cuatro unidades resultaron con da\u00f1os parciales. El siniestro ocurri\u00f3 en un lote destinado al almacenamiento de autom\u00f3viles que ya hab\u00edan completado los tr\u00e1mites de introducci\u00f3n al territorio nacional.<\/p>\n\n\n\n<p>Las llamas se propagaron r\u00e1pidamente entre los veh\u00edculos estacionados, provocando cuantiosas p\u00e9rdidas materiales para los propietarios y empresas importadoras. La r\u00e1pida intervenci\u00f3n de los bomberos de Puerto Cort\u00e9s logr\u00f3 contener el fuego antes de que alcanzara otras \u00e1reas del predio o estructuras cercanas.<\/p>\n\n\n\n<p>Afortunadamente, no se reportaron personas heridas ni intoxicadas, aunque el humo y las altas temperaturas generaron alarma entre los vecinos del sector.<br>Un equipo t\u00e9cnico de investigaci\u00f3n se traslad\u00f3 al lugar para determinar las causas del incendio. Entre las hip\u00f3tesis que se manejan figuran un posible cortocircuito, fallas mec\u00e1nicas en alguno de los veh\u00edculos, actos de sabotaje o negligencia.<\/p>\n\n\n\n<p>Ante lo ocurrido, las autoridades locales han instado a los propietarios de predios similares a reforzar sus medidas de seguridad, incluyendo sistemas de detecci\u00f3n temprana de incendios, vigilancia nocturna y protocolos de emergencia.<\/p>\n\n\n\n<p>Este incidente se suma a una serie de siniestros registrados en zonas log\u00edsticas del pa\u00eds, lo que ha encendido las alertas sobre la vulnerabilidad de los bienes importados y la necesidad de establecer una regulaci\u00f3n m\u00e1s estricta en los centros de almacenamiento vehicular.<\/p>\n","protected":false},"excerpt":{"rendered":"<p>Puerto Cort\u00e9s, Honduras \u2014 Un voraz incendio registrado la madrugada del domingo 9 de noviembre consumi\u00f3 al menos ocho veh\u00edculos reci\u00e9n importados en un predio ubicado detr\u00e1s de la llantera \u201cEl Sure\u00f1o\u201d, en las afueras de Puerto Cort\u00e9s, zona norte del pa\u00eds. Seg\u00fan el reporte del Cuerpo de Bomberos, otras cuatro unidades resultaron con da\u00f1os [&hellip;]<\/p>\n","protected":false},"author":2,"featured_media":1936,"comment_status":"closed","ping_status":"open","sticky":false,"template":"","format":"standard","meta":{"_seopress_robots_primary_cat":"","_seopress_titles_title":"","_seopress_titles_desc":"","_seopress_robots_index":"","footnotes":""},"categories":[23],"tags":[25],"class_list":["post-1935","post","type-post","status-publish","format-standard","has-post-thumbnail","hentry","category-nacionales","tag-honduras"],"_links":{"self":[{"href":"https:\/\/girasolmultimedios.com\/portal\/wp-json\/wp\/v2\/posts\/1935","targetHints":{"allow":["GET"]}}],"collection":[{"href":"https:\/\/girasolmultimedios.com\/portal\/wp-json\/wp\/v2\/posts"}],"about":[{"href":"https:\/\/girasolmultimedios.com\/portal\/wp-json\/wp\/v2\/types\/post"}],"author":[{"embeddable":true,"href":"https:\/\/girasolmultimedios.com\/portal\/wp-json\/wp\/v2\/users\/2"}],"replies":[{"embeddable":true,"href":"https:\/\/girasolmultimedios.com\/portal\/wp-json\/wp\/v2\/comments?post=1935"}],"version-history":[{"count":2,"href":"https:\/\/girasolmultimedios.com\/portal\/wp-json\/wp\/v2\/posts\/1935\/revisions"}],"predecessor-version":[{"id":1939,"href":"https:\/\/girasolmultimedios.com\/portal\/wp-json\/wp\/v2\/posts\/1935\/revisions\/1939"}],"wp:featuredmedia":[{"embeddable":true,"href":"https:\/\/girasolmultimedios.com\/portal\/wp-json\/wp\/v2\/media\/1936"}],"wp:attachment":[{"href":"https:\/\/girasolmultimedios.com\/portal\/wp-json\/wp\/v2\/media?parent=1935"}],"wp:term":[{"taxonomy":"category","embeddable":true,"href":"https:\/\/girasolmultimedios.com\/portal\/wp-json\/wp\/v2\/categories?post=1935"},{"taxonomy":"post_tag","embeddable":true,"href":"https:\/\/girasolmultimedios.com\/portal\/wp-json\/wp\/v2\/tags?post=1935"}],"curies":[{"name":"wp","href":"https:\/\/api.w.org\/{rel}","templated":true}]}}