{"id":1946,"date":"2025-11-11T05:26:53","date_gmt":"2025-11-11T11:26:53","guid":{"rendered":"https:\/\/girasolmultimedios.com\/portal\/?p=1946"},"modified":"2025-11-11T05:26:54","modified_gmt":"2025-11-11T11:26:54","slug":"capturan-a-joven-pareja-por-el-crimen-de-su-madre-en-patuca-olancho","status":"publish","type":"post","link":"https:\/\/girasolmultimedios.com\/portal\/capturan-a-joven-pareja-por-el-crimen-de-su-madre-en-patuca-olancho\/","title":{"rendered":"Capturan a joven pareja por el crimen de su madre en Patuca, Olancho"},"content":{"rendered":"\n<p><strong>Patuca, Olancho<\/strong> \u2014 La Polic\u00eda Nacional captur\u00f3 este lunes a un joven de 21 a\u00f1os presuntamente implicado en el asesinato de su suegra, Olga Lidia Fonseca Corea, una reconocida enfermera residente en el municipio de Patuca, departamento de Olancho. El crimen ha generado conmoci\u00f3n en la comunidad por la naturaleza del v\u00ednculo entre la v\u00edctima y los sospechosos.<\/p>\n\n\n\n<p>La detenci\u00f3n se llev\u00f3 a cabo en la aldea La Sure\u00f1a, gracias a una operaci\u00f3n conjunta entre la Direcci\u00f3n Nacional de Prevenci\u00f3n y Seguridad Comunitaria (DNPSC) y la Direcci\u00f3n Nacional de Fuerzas Especiales (DNFE). Al momento del arresto, el sujeto portaba de manera ilegal un arma de fuego tipo rev\u00f3lver, la cual se presume fue utilizada para cometer el homicidio.<\/p>\n\n\n\n<figure class=\"wp-block-image size-full\"><img alt=\"\" loading=\"lazy\" decoding=\"async\" width=\"996\" height=\"510\" src=\"https:\/\/girasolmultimedios.com\/portal\/wp-content\/uploads\/image-46.png\" alt=\"\" class=\"wp-image-1951\" srcset=\"https:\/\/girasolmultimedios.com\/portal\/wp-content\/uploads\/image-46.png 996w, https:\/\/girasolmultimedios.com\/portal\/wp-content\/uploads\/image-46-300x154.png 300w, https:\/\/girasolmultimedios.com\/portal\/wp-content\/uploads\/image-46-150x77.png 150w, https:\/\/girasolmultimedios.com\/portal\/wp-content\/uploads\/image-46-768x393.png 768w\" sizes=\"auto, (max-width: 996px) 100vw, 996px\" \/><\/figure>\n\n\n\n<p>Seg\u00fan las primeras investigaciones, el crimen se habr\u00eda originado por conflictos familiares. Lo ins\u00f3lito del caso es que no solo el yerno de la v\u00edctima est\u00e1 bajo investigaci\u00f3n, sino tambi\u00e9n su propia hija, una mujer de 23 a\u00f1os, quien ha sido se\u00f1alada por el delito de parricidio en perjuicio de su madre.<\/p>\n\n\n\n<p>La enfermera Olga Lidia Fonseca era conocida en Patuca por su servicio a la comunidad y su trayectoria profesional. Su muerte violenta ha generado indignaci\u00f3n y tristeza entre vecinos y colegas del sector salud.<\/p>\n\n\n\n<figure class=\"wp-block-image size-large\"><img alt=\"\" loading=\"lazy\" decoding=\"async\" width=\"1024\" height=\"768\" src=\"https:\/\/girasolmultimedios.com\/portal\/wp-content\/uploads\/image-47-1024x768.png\" alt=\"\" class=\"wp-image-1952\" srcset=\"https:\/\/girasolmultimedios.com\/portal\/wp-content\/uploads\/image-47-1024x768.png 1024w, https:\/\/girasolmultimedios.com\/portal\/wp-content\/uploads\/image-47-300x225.png 300w, https:\/\/girasolmultimedios.com\/portal\/wp-content\/uploads\/image-47-150x113.png 150w, https:\/\/girasolmultimedios.com\/portal\/wp-content\/uploads\/image-47-768x576.png 768w, https:\/\/girasolmultimedios.com\/portal\/wp-content\/uploads\/image-47.png 1200w\" sizes=\"auto, (max-width: 1024px) 100vw, 1024px\" \/><\/figure>\n\n\n\n<p>Las autoridades contin\u00faan con las diligencias judiciales, mientras el arma incautada ha sido presentada como evidencia. Adem\u00e1s, se investiga si los detenidos estar\u00edan vinculados a otros hechos delictivos ocurridos en la zona.<\/p>\n\n\n\n<p><\/p>\n","protected":false},"excerpt":{"rendered":"<p>Patuca, Olancho \u2014 La Polic\u00eda Nacional captur\u00f3 este lunes a un joven de 21 a\u00f1os presuntamente implicado en el asesinato de su suegra, Olga Lidia Fonseca Corea, una reconocida enfermera residente en el municipio de Patuca, departamento de Olancho. El crimen ha generado conmoci\u00f3n en la comunidad por la naturaleza del v\u00ednculo entre la v\u00edctima [&hellip;]<\/p>\n","protected":false},"author":2,"featured_media":1947,"comment_status":"closed","ping_status":"open","sticky":false,"template":"","format":"standard","meta":{"_seopress_robots_primary_cat":"","_seopress_titles_title":"","_seopress_titles_desc":"","_seopress_robots_index":"","footnotes":""},"categories":[23],"tags":[25,214],"class_list":["post-1946","post","type-post","status-publish","format-standard","has-post-thumbnail","hentry","category-nacionales","tag-honduras","tag-sucesos"],"_links":{"self":[{"href":"https:\/\/girasolmultimedios.com\/portal\/wp-json\/wp\/v2\/posts\/1946","targetHints":{"allow":["GET"]}}],"collection":[{"href":"https:\/\/girasolmultimedios.com\/portal\/wp-json\/wp\/v2\/posts"}],"about":[{"href":"https:\/\/girasolmultimedios.com\/portal\/wp-json\/wp\/v2\/types\/post"}],"author":[{"embeddable":true,"href":"https:\/\/girasolmultimedios.com\/portal\/wp-json\/wp\/v2\/users\/2"}],"replies":[{"embeddable":true,"href":"https:\/\/girasolmultimedios.com\/portal\/wp-json\/wp\/v2\/comments?post=1946"}],"version-history":[{"count":1,"href":"https:\/\/girasolmultimedios.com\/portal\/wp-json\/wp\/v2\/posts\/1946\/revisions"}],"predecessor-version":[{"id":1953,"href":"https:\/\/girasolmultimedios.com\/portal\/wp-json\/wp\/v2\/posts\/1946\/revisions\/1953"}],"wp:featuredmedia":[{"embeddable":true,"href":"https:\/\/girasolmultimedios.com\/portal\/wp-json\/wp\/v2\/media\/1947"}],"wp:attachment":[{"href":"https:\/\/girasolmultimedios.com\/portal\/wp-json\/wp\/v2\/media?parent=1946"}],"wp:term":[{"taxonomy":"category","embeddable":true,"href":"https:\/\/girasolmultimedios.com\/portal\/wp-json\/wp\/v2\/categories?post=1946"},{"taxonomy":"post_tag","embeddable":true,"href":"https:\/\/girasolmultimedios.com\/portal\/wp-json\/wp\/v2\/tags?post=1946"}],"curies":[{"name":"wp","href":"https:\/\/api.w.org\/{rel}","templated":true}]}}