{"id":1961,"date":"2025-11-11T09:53:43","date_gmt":"2025-11-11T15:53:43","guid":{"rendered":"https:\/\/girasolmultimedios.com\/portal\/?p=1961"},"modified":"2025-11-11T09:53:44","modified_gmt":"2025-11-11T15:53:44","slug":"cierran-parte-del-bulevar-fuerzas-armadas-enterese-de-las-fechas-y-rutas-alternas","status":"publish","type":"post","link":"https:\/\/girasolmultimedios.com\/portal\/cierran-parte-del-bulevar-fuerzas-armadas-enterese-de-las-fechas-y-rutas-alternas\/","title":{"rendered":"Cierran parte del bulevar Fuerzas Armadas: ent\u00e9rese de las fechas y rutas alternas"},"content":{"rendered":"\n<p>La Alcald\u00eda del Distrito Central anunci\u00f3 que este <strong>jueves 13 de noviembre<\/strong> se realizar\u00e1 un <strong>cierre temporal en el bulevar Fuerzas Armadas<\/strong>, como parte de los trabajos para la <strong>instalaci\u00f3n del puente universal Telet\u00f3n<\/strong>, estructura que se coloca cada a\u00f1o para brindar seguridad a los peatones durante la jornada solidaria.<\/p>\n\n\n\n<p>Seg\u00fan el comunicado oficial, el cierre se efectuar\u00e1 <strong>desde las 11:00 de la noche del jueves hasta las 4:00 de la madrugada del viernes 14 de noviembre<\/strong>.<\/p>\n\n\n\n<p>El <strong>tramo afectado<\/strong> comprende desde el <strong>desv\u00edo hacia el centro comercial cercano a la Universidad Pedag\u00f3gica Nacional Francisco Moraz\u00e1n (UPNFM)<\/strong> hasta el <strong>desv\u00edo del bulevar Miraflores<\/strong>. Por ello, se recomienda a los conductores <strong>planificar sus desplazamientos<\/strong> y utilizar <strong>rutas alternas<\/strong> para evitar congestionamientos.<\/p>\n\n\n\n<p><strong>V\u00edas alternas sugeridas<\/strong><\/p>\n\n\n\n<ul class=\"wp-block-list\">\n<li><strong>Ruta 1:<\/strong> tomar el bulevar Centroam\u00e9rica, continuar por Rep\u00fablica de Francia y seguir por la avenida El Dorado para reincorporarse al bulevar Fuerzas Armadas frente a la UPNFM.<\/li>\n\n\n\n<li><strong>Ruta 2:<\/strong> utilizar el bulevar Miraflores, proseguir por el bulevar Santa Cristina y retornar al bulevar Centroam\u00e9rica para volver a la v\u00eda principal.<\/li>\n<\/ul>\n\n\n\n<p>El cierre se realizar\u00e1 en <strong>horario nocturno<\/strong> con el prop\u00f3sito de <strong>reducir el impacto en la circulaci\u00f3n vehicular<\/strong>, especialmente en una de las principales arterias de Tegucigalpa.<\/p>\n\n\n\n<p>Las autoridades municipales hicieron un llamado a los conductores para que <strong>respeten la se\u00f1alizaci\u00f3n temporal<\/strong> y <strong>conduzcan con precauci\u00f3n<\/strong> durante las horas que duren los trabajos.<\/p>\n","protected":false},"excerpt":{"rendered":"<p>La Alcald\u00eda del Distrito Central anunci\u00f3 que este jueves 13 de noviembre se realizar\u00e1 un cierre temporal en el bulevar Fuerzas Armadas, como parte de los trabajos para la instalaci\u00f3n del puente universal Telet\u00f3n, estructura que se coloca cada a\u00f1o para brindar seguridad a los peatones durante la jornada solidaria. Seg\u00fan el comunicado oficial, el [&hellip;]<\/p>\n","protected":false},"author":2,"featured_media":1962,"comment_status":"closed","ping_status":"open","sticky":false,"template":"","format":"standard","meta":{"_seopress_robots_primary_cat":"","_seopress_titles_title":"","_seopress_titles_desc":"","_seopress_robots_index":"","footnotes":""},"categories":[1],"tags":[],"class_list":["post-1961","post","type-post","status-publish","format-standard","has-post-thumbnail","hentry","category-sin-categoria"],"_links":{"self":[{"href":"https:\/\/girasolmultimedios.com\/portal\/wp-json\/wp\/v2\/posts\/1961","targetHints":{"allow":["GET"]}}],"collection":[{"href":"https:\/\/girasolmultimedios.com\/portal\/wp-json\/wp\/v2\/posts"}],"about":[{"href":"https:\/\/girasolmultimedios.com\/portal\/wp-json\/wp\/v2\/types\/post"}],"author":[{"embeddable":true,"href":"https:\/\/girasolmultimedios.com\/portal\/wp-json\/wp\/v2\/users\/2"}],"replies":[{"embeddable":true,"href":"https:\/\/girasolmultimedios.com\/portal\/wp-json\/wp\/v2\/comments?post=1961"}],"version-history":[{"count":1,"href":"https:\/\/girasolmultimedios.com\/portal\/wp-json\/wp\/v2\/posts\/1961\/revisions"}],"predecessor-version":[{"id":1963,"href":"https:\/\/girasolmultimedios.com\/portal\/wp-json\/wp\/v2\/posts\/1961\/revisions\/1963"}],"wp:featuredmedia":[{"embeddable":true,"href":"https:\/\/girasolmultimedios.com\/portal\/wp-json\/wp\/v2\/media\/1962"}],"wp:attachment":[{"href":"https:\/\/girasolmultimedios.com\/portal\/wp-json\/wp\/v2\/media?parent=1961"}],"wp:term":[{"taxonomy":"category","embeddable":true,"href":"https:\/\/girasolmultimedios.com\/portal\/wp-json\/wp\/v2\/categories?post=1961"},{"taxonomy":"post_tag","embeddable":true,"href":"https:\/\/girasolmultimedios.com\/portal\/wp-json\/wp\/v2\/tags?post=1961"}],"curies":[{"name":"wp","href":"https:\/\/api.w.org\/{rel}","templated":true}]}}