{"id":1974,"date":"2025-11-11T10:09:05","date_gmt":"2025-11-11T16:09:05","guid":{"rendered":"https:\/\/girasolmultimedios.com\/portal\/?p=1974"},"modified":"2025-11-11T10:09:06","modified_gmt":"2025-11-11T16:09:06","slug":"alcalde-de-sps-activa-equipos-de-emergencia-ante-intensas-lluvias","status":"publish","type":"post","link":"https:\/\/girasolmultimedios.com\/portal\/alcalde-de-sps-activa-equipos-de-emergencia-ante-intensas-lluvias\/","title":{"rendered":"Alcalde de SPS activa equipos de emergencia ante intensas lluvias"},"content":{"rendered":"\n<p>El alcalde de San Pedro Sula, Roberto Contreras, activ\u00f3 este martes los equipos de emergencia municipales tras las intensas lluvias que se han registrado en la ciudad durante las \u00faltimas 12 horas.<\/p>\n\n\n\n<p>El edil inform\u00f3 que la decisi\u00f3n se tom\u00f3 debido al ingreso de una masa de aire fr\u00edo al territorio nacional, la cual ha provocado fuertes precipitaciones en diferentes sectores del municipio.<\/p>\n\n\n\n<p>\u201cAnte las fuertes lluvias provocadas por el ingreso de una masa de aire fr\u00edo en el territorio nacional, como presidente del CODEM, lo doy por activado. Nuestros equipos municipales se mantienen vigilantes en las zonas vulnerables, especialmente en Rivera Hern\u00e1ndez y Chamelec\u00f3n\u201d, manifest\u00f3 Contreras.<\/p>\n\n\n\n<p>Asimismo, hizo un llamado a las comunidades y a las fuerzas vivas a mantenerse en alerta permanente y priorizar la protecci\u00f3n de la vida.<\/p>\n\n\n\n<p>\u201cInstruyo a las fuerzas vivas a mantenerse alertas y proteger el bien jur\u00eddico m\u00e1s importante: la vida de nuestra poblaci\u00f3n. Manteng\u00e1monos informados a trav\u00e9s de los canales oficiales y atentos ante cualquier emergencia en San Pedro Sula\u201d, agreg\u00f3.<\/p>\n\n\n\n<p>El Comit\u00e9 de Emergencia Municipal (CODEM) mantiene monitoreo constante en las zonas de riesgo por posibles desbordamientos o deslizamientos, mientras las autoridades recomiendan a la ciudadan\u00eda evitar transitar por \u00e1reas propensas a inundaciones.<\/p>\n","protected":false},"excerpt":{"rendered":"<p>El alcalde de San Pedro Sula, Roberto Contreras, activ\u00f3 este martes los equipos de emergencia municipales tras las intensas lluvias que se han registrado en la ciudad durante las \u00faltimas 12 horas. El edil inform\u00f3 que la decisi\u00f3n se tom\u00f3 debido al ingreso de una masa de aire fr\u00edo al territorio nacional, la cual ha [&hellip;]<\/p>\n","protected":false},"author":2,"featured_media":1975,"comment_status":"closed","ping_status":"open","sticky":false,"template":"","format":"standard","meta":{"_seopress_robots_primary_cat":"","_seopress_titles_title":"","_seopress_titles_desc":"","_seopress_robots_index":"","footnotes":""},"categories":[1],"tags":[],"class_list":["post-1974","post","type-post","status-publish","format-standard","has-post-thumbnail","hentry","category-sin-categoria"],"_links":{"self":[{"href":"https:\/\/girasolmultimedios.com\/portal\/wp-json\/wp\/v2\/posts\/1974","targetHints":{"allow":["GET"]}}],"collection":[{"href":"https:\/\/girasolmultimedios.com\/portal\/wp-json\/wp\/v2\/posts"}],"about":[{"href":"https:\/\/girasolmultimedios.com\/portal\/wp-json\/wp\/v2\/types\/post"}],"author":[{"embeddable":true,"href":"https:\/\/girasolmultimedios.com\/portal\/wp-json\/wp\/v2\/users\/2"}],"replies":[{"embeddable":true,"href":"https:\/\/girasolmultimedios.com\/portal\/wp-json\/wp\/v2\/comments?post=1974"}],"version-history":[{"count":1,"href":"https:\/\/girasolmultimedios.com\/portal\/wp-json\/wp\/v2\/posts\/1974\/revisions"}],"predecessor-version":[{"id":1976,"href":"https:\/\/girasolmultimedios.com\/portal\/wp-json\/wp\/v2\/posts\/1974\/revisions\/1976"}],"wp:featuredmedia":[{"embeddable":true,"href":"https:\/\/girasolmultimedios.com\/portal\/wp-json\/wp\/v2\/media\/1975"}],"wp:attachment":[{"href":"https:\/\/girasolmultimedios.com\/portal\/wp-json\/wp\/v2\/media?parent=1974"}],"wp:term":[{"taxonomy":"category","embeddable":true,"href":"https:\/\/girasolmultimedios.com\/portal\/wp-json\/wp\/v2\/categories?post=1974"},{"taxonomy":"post_tag","embeddable":true,"href":"https:\/\/girasolmultimedios.com\/portal\/wp-json\/wp\/v2\/tags?post=1974"}],"curies":[{"name":"wp","href":"https:\/\/api.w.org\/{rel}","templated":true}]}}